{"id":9888,"date":"2020-11-30T11:27:21","date_gmt":"2020-11-30T11:27:21","guid":{"rendered":"https:\/\/www.hiil.org\/?p=9888"},"modified":"2021-08-18T22:48:42","modified_gmt":"2021-08-18T22:48:42","slug":"justice-in-the-covid-19-crisis-what-people-are-saying-on-social-media","status":"publish","type":"post","link":"https:\/\/www.hiil.org\/fr\/news\/justice-in-the-covid-19-crisis-what-people-are-saying-on-social-media\/","title":{"rendered":"JUSTICE IN THE COVID-19 CRISIS: WHAT PEOPLE ARE SAYING ON SOCIAL MEDIA"},"content":{"rendered":"\n<p><strong>Trends beyond words | Words behind trends<\/strong><\/p>\n\n\n\n<figure class=\"wp-block-image size-large\"><img fetchpriority=\"high\" decoding=\"async\" width=\"1820\" height=\"1024\" src=\"https:\/\/www.hiil.org\/wp-content\/uploads\/2020\/11\/Blog-post-justice-cloud-article-without-lines-1-1820x1024.jpg\" alt=\"\" class=\"wp-image-9890\" srcset=\"https:\/\/www.hiil.org\/wp-content\/uploads\/2020\/11\/Blog-post-justice-cloud-article-without-lines-1-1820x1024.jpg 1820w, https:\/\/www.hiil.org\/wp-content\/uploads\/2020\/11\/Blog-post-justice-cloud-article-without-lines-1-300x169.jpg 300w, https:\/\/www.hiil.org\/wp-content\/uploads\/2020\/11\/Blog-post-justice-cloud-article-without-lines-1-768x432.jpg 768w, https:\/\/www.hiil.org\/wp-content\/uploads\/2020\/11\/Blog-post-justice-cloud-article-without-lines-1-1536x864.jpg 1536w, https:\/\/www.hiil.org\/wp-content\/uploads\/2020\/11\/Blog-post-justice-cloud-article-without-lines-1-2048x1152.jpg 2048w\" sizes=\"(max-width: 1820px) 100vw, 1820px\" \/><\/figure>\n\n\n\n<p>Sitting at home, staring at the computer (or phone) screen, peaking through the window. For millions of people, this daily and hourly sequence is the new meaning of routine, defined by the pandemic. We work, laugh, communicate, and worry surrounded by screens and devices. In this new normal, social media gain a new, elevated, perhaps undeserved, meaning. From a funny and often annoying communication mesh, it turns into an important channel to share about problems.<\/p>\n\n\n\n<p><em>\u201chow are you? im about to be divorced!! unemployed is the reason.. landlord and agent is evicting family too.. what next!!!\u201d<\/em>&nbsp;<img decoding=\"async\" width=\"20\" height=\"20\" src=\"https:\/\/lh3.googleusercontent.com\/3F5IMp-LIIjjKchygbk6QDa_zqi_b-KcZ_yLJ15c6bpK45iuIJ6qy7ue1uVB-hcMPubTtHXu-3oSYxMUvxRaasilZiTVMPTRGvF1ohrtBK_gJxUixSS1QiZe_DabqA2-R0Bp5xPw\"><\/p>\n\n\n\n<p><strong>Justice needs on social media<\/strong><br>On Twitter, Facebook, Vkontakte, Weibo, Instagram and the likes people talk about everything. Covid, politics, sports, music, jokes, Tesla, money &#8211; it is all there. There is no reason to believe that justice is not part of the chatter. Especially during the pandemic, social media carries bits of knowledge and information about the justice needs of people. Wouldn\u2019t it be interesting to know which justice issues people are bothered with? What do they do about these issues? Is justice seen in positive or negative nuances? Do justice issues occur more in the morning or in the evening? Are men more likely to get into legal trouble than women? What can we do with this knowledge?<\/p>\n\n\n\n<p><em>\u201cWe don&rsquo;t sleep at night in Lagos robbery is increasing everyday give us palliative relief and stop discrimination and tribalism\u201d<\/em> <img decoding=\"async\" width=\"20\" height=\"20\" src=\"https:\/\/lh3.googleusercontent.com\/3F5IMp-LIIjjKchygbk6QDa_zqi_b-KcZ_yLJ15c6bpK45iuIJ6qy7ue1uVB-hcMPubTtHXu-3oSYxMUvxRaasilZiTVMPTRGvF1ohrtBK_gJxUixSS1QiZe_DabqA2-R0Bp5xPw\"><\/p>\n\n\n\n<p><strong>What are people saying on social media<\/strong><br>To address some of these questions, HiiL tapped into Twitter and Facebook during the months of the pandemic. We looked globally and gathered 79 million Covid-19 and justice-relevant messages from January to July 2020. Next, we got deeper into 9 countries where we work on transforming justice and extracted more than half of millions of messages. A trained machine learning mechanism classified these messages as relevant to justice. Insights from this data is now available in our recent report, <a href=\"https:\/\/dashboard.hiil.org\/covid-19-social-media-data\/\">JUSTICE IN THE COVID-19 CRISIS: WHAT PEOPLE ARE SAYING ON SOCIAL MEDIA<\/a>.<\/p>\n\n\n\n<p><em>\u201cI can&rsquo;t even talk about the rate of domestic violence at the moment . It&rsquo;s spreading at the same rate as Covid&#8230; may have accurate statistics but families are suffering in silence the adversities of this vice. #COVID19UG\u201d<\/em> <img decoding=\"async\" width=\"20\" height=\"20\" src=\"https:\/\/lh3.googleusercontent.com\/3F5IMp-LIIjjKchygbk6QDa_zqi_b-KcZ_yLJ15c6bpK45iuIJ6qy7ue1uVB-hcMPubTtHXu-3oSYxMUvxRaasilZiTVMPTRGvF1ohrtBK_gJxUixSS1QiZe_DabqA2-R0Bp5xPw\"><\/p>\n\n\n\n<p>Some of the insights that you will find in the report:<\/p>\n\n\n\n<ul class=\"wp-block-list\"><li>Since the beginning of the pandemic globally people talk more about crimes and domestic violence;<\/li><li>In March and April, there was a lot of talk about medical bill disputes, financial disputes, and employment disputes;<\/li><li>In the focus-countries, the peak of messages about legal problems is in June. It only took 2-3 months after the beginning of the Covid-19 pandemic for people to start talking and worrying about legal problems;<\/li><li>From 1 to 100, the average sentiment score of the legal problems is 38 &#8211; way below the point of neutrality.<\/li><\/ul>\n\n\n\n<p>For more findings as well as direct access to the data we invite you to visit the report page at: <a href=\"https:\/\/dashboard.hiil.org\/covid-19-social-media-data\">https:\/\/dashboard.hiil.org\/covid-19-social-media-data<\/a><\/p>\n\n\n\n<p>If you are interested in the topic, leave a message in the feedback form and share the report with others in your network.<\/p>\n","protected":false},"excerpt":{"rendered":"<p>Trends beyond words | Words behind trends Sitting at home, staring at the computer (or phone) screen, peaking through the window. For millions of people, this daily and hourly sequence is the new meaning of routine, defined by the pandemic. We work, laugh, communicate, and worry surrounded by screens and devices. In this new normal, [&hellip;]<\/p>\n","protected":false},"author":36,"featured_media":9892,"comment_status":"closed","ping_status":"closed","sticky":false,"template":"","format":"standard","meta":{"_acf_changed":false,"footnotes":""},"categories":[4],"tags":[185,87],"class_list":["post-9888","post","type-post","status-publish","format-standard","has-post-thumbnail","hentry","category-news","tag-covid-19","tag-report"],"acf":[],"yoast_head":"<!-- This site is optimized with the Yoast SEO plugin v27.3 - https:\/\/yoast.com\/product\/yoast-seo-wordpress\/ -->\n<title>JUSTICE IN THE COVID-19 CRISIS: WHAT PEOPLE ARE SAYING ON SOCIAL MEDIA - HiiL<\/title>\n<meta name=\"robots\" content=\"index, follow, max-snippet:-1, max-image-preview:large, max-video-preview:-1\" \/>\n<link rel=\"canonical\" href=\"https:\/\/www.hiil.org\/fr\/news\/justice-in-the-covid-19-crisis-what-people-are-saying-on-social-media\/\" \/>\n<meta property=\"og:locale\" content=\"fr_FR\" \/>\n<meta property=\"og:type\" content=\"article\" \/>\n<meta property=\"og:title\" content=\"JUSTICE IN THE COVID-19 CRISIS: WHAT PEOPLE ARE SAYING ON SOCIAL MEDIA - HiiL\" \/>\n<meta property=\"og:description\" content=\"Trends beyond words | Words behind trends Sitting at home, staring at the computer (or phone) screen, peaking through the window. For millions of people, this daily and hourly sequence is the new meaning of routine, defined by the pandemic. We work, laugh, communicate, and worry surrounded by screens and devices. In this new normal, [&hellip;]\" \/>\n<meta property=\"og:url\" content=\"https:\/\/www.hiil.org\/fr\/news\/justice-in-the-covid-19-crisis-what-people-are-saying-on-social-media\/\" \/>\n<meta property=\"og:site_name\" content=\"HiiL\" \/>\n<meta property=\"article:publisher\" content=\"https:\/\/www.facebook.com\/UserFriendlyJustice\/\" \/>\n<meta property=\"article:published_time\" content=\"2020-11-30T11:27:21+00:00\" \/>\n<meta property=\"article:modified_time\" content=\"2021-08-18T22:48:42+00:00\" \/>\n<meta property=\"og:image\" content=\"https:\/\/www.hiil.org\/wp-content\/uploads\/2020\/11\/Blog-post-justice-cloud-article-without-lines-2-scaled.jpg\" \/>\n\t<meta property=\"og:image:width\" content=\"2560\" \/>\n\t<meta property=\"og:image:height\" content=\"1440\" \/>\n\t<meta property=\"og:image:type\" content=\"image\/jpeg\" \/>\n<meta name=\"author\" content=\"maroeschka\" \/>\n<meta name=\"twitter:card\" content=\"summary_large_image\" \/>\n<meta name=\"twitter:creator\" content=\"@InnoJustice\" \/>\n<meta name=\"twitter:site\" content=\"@InnoJustice\" \/>\n<meta name=\"twitter:label1\" content=\"\u00c9crit par\" \/>\n\t<meta name=\"twitter:data1\" content=\"maroeschka\" \/>\n\t<meta name=\"twitter:label2\" content=\"Dur\u00e9e de lecture estim\u00e9e\" \/>\n\t<meta name=\"twitter:data2\" content=\"4 minutes\" \/>\n<script type=\"application\/ld+json\" class=\"yoast-schema-graph\">{\"@context\":\"https:\\\/\\\/schema.org\",\"@graph\":[{\"@type\":\"Article\",\"@id\":\"https:\\\/\\\/www.hiil.org\\\/fr\\\/news\\\/justice-in-the-covid-19-crisis-what-people-are-saying-on-social-media\\\/#article\",\"isPartOf\":{\"@id\":\"https:\\\/\\\/www.hiil.org\\\/fr\\\/news\\\/justice-in-the-covid-19-crisis-what-people-are-saying-on-social-media\\\/\"},\"author\":{\"name\":\"maroeschka\",\"@id\":\"https:\\\/\\\/www.hiil.org\\\/fr\\\/#\\\/schema\\\/person\\\/0216b6d2a26ea13a1b630cb668466a84\"},\"headline\":\"JUSTICE IN THE COVID-19 CRISIS: WHAT PEOPLE ARE SAYING ON SOCIAL MEDIA\",\"datePublished\":\"2020-11-30T11:27:21+00:00\",\"dateModified\":\"2021-08-18T22:48:42+00:00\",\"mainEntityOfPage\":{\"@id\":\"https:\\\/\\\/www.hiil.org\\\/fr\\\/news\\\/justice-in-the-covid-19-crisis-what-people-are-saying-on-social-media\\\/\"},\"wordCount\":539,\"publisher\":{\"@id\":\"https:\\\/\\\/www.hiil.org\\\/fr\\\/#organization\"},\"image\":{\"@id\":\"https:\\\/\\\/www.hiil.org\\\/fr\\\/news\\\/justice-in-the-covid-19-crisis-what-people-are-saying-on-social-media\\\/#primaryimage\"},\"thumbnailUrl\":\"https:\\\/\\\/www.hiil.org\\\/wp-content\\\/uploads\\\/2020\\\/11\\\/Blog-post-justice-cloud-article-without-lines-2-scaled.jpg\",\"keywords\":[\"Covid-19\",\"Report\"],\"articleSection\":[\"News and Articles\"],\"inLanguage\":\"fr-FR\"},{\"@type\":\"WebPage\",\"@id\":\"https:\\\/\\\/www.hiil.org\\\/fr\\\/news\\\/justice-in-the-covid-19-crisis-what-people-are-saying-on-social-media\\\/\",\"url\":\"https:\\\/\\\/www.hiil.org\\\/fr\\\/news\\\/justice-in-the-covid-19-crisis-what-people-are-saying-on-social-media\\\/\",\"name\":\"JUSTICE IN THE COVID-19 CRISIS: WHAT PEOPLE ARE SAYING ON SOCIAL MEDIA - HiiL\",\"isPartOf\":{\"@id\":\"https:\\\/\\\/www.hiil.org\\\/fr\\\/#website\"},\"primaryImageOfPage\":{\"@id\":\"https:\\\/\\\/www.hiil.org\\\/fr\\\/news\\\/justice-in-the-covid-19-crisis-what-people-are-saying-on-social-media\\\/#primaryimage\"},\"image\":{\"@id\":\"https:\\\/\\\/www.hiil.org\\\/fr\\\/news\\\/justice-in-the-covid-19-crisis-what-people-are-saying-on-social-media\\\/#primaryimage\"},\"thumbnailUrl\":\"https:\\\/\\\/www.hiil.org\\\/wp-content\\\/uploads\\\/2020\\\/11\\\/Blog-post-justice-cloud-article-without-lines-2-scaled.jpg\",\"datePublished\":\"2020-11-30T11:27:21+00:00\",\"dateModified\":\"2021-08-18T22:48:42+00:00\",\"breadcrumb\":{\"@id\":\"https:\\\/\\\/www.hiil.org\\\/fr\\\/news\\\/justice-in-the-covid-19-crisis-what-people-are-saying-on-social-media\\\/#breadcrumb\"},\"inLanguage\":\"fr-FR\",\"potentialAction\":[{\"@type\":\"ReadAction\",\"target\":[\"https:\\\/\\\/www.hiil.org\\\/fr\\\/news\\\/justice-in-the-covid-19-crisis-what-people-are-saying-on-social-media\\\/\"]}]},{\"@type\":\"ImageObject\",\"inLanguage\":\"fr-FR\",\"@id\":\"https:\\\/\\\/www.hiil.org\\\/fr\\\/news\\\/justice-in-the-covid-19-crisis-what-people-are-saying-on-social-media\\\/#primaryimage\",\"url\":\"https:\\\/\\\/www.hiil.org\\\/wp-content\\\/uploads\\\/2020\\\/11\\\/Blog-post-justice-cloud-article-without-lines-2-scaled.jpg\",\"contentUrl\":\"https:\\\/\\\/www.hiil.org\\\/wp-content\\\/uploads\\\/2020\\\/11\\\/Blog-post-justice-cloud-article-without-lines-2-scaled.jpg\",\"width\":2560,\"height\":1440},{\"@type\":\"BreadcrumbList\",\"@id\":\"https:\\\/\\\/www.hiil.org\\\/fr\\\/news\\\/justice-in-the-covid-19-crisis-what-people-are-saying-on-social-media\\\/#breadcrumb\",\"itemListElement\":[{\"@type\":\"ListItem\",\"position\":1,\"name\":\"Home\",\"item\":\"https:\\\/\\\/www.hiil.org\\\/fr\\\/\"},{\"@type\":\"ListItem\",\"position\":2,\"name\":\"JUSTICE IN THE COVID-19 CRISIS: WHAT PEOPLE ARE SAYING ON SOCIAL MEDIA\"}]},{\"@type\":\"WebSite\",\"@id\":\"https:\\\/\\\/www.hiil.org\\\/fr\\\/#website\",\"url\":\"https:\\\/\\\/www.hiil.org\\\/fr\\\/\",\"name\":\"HiiL\",\"description\":\"Pour une justice ax\u00e9e sur les personnes\",\"publisher\":{\"@id\":\"https:\\\/\\\/www.hiil.org\\\/fr\\\/#organization\"},\"potentialAction\":[{\"@type\":\"SearchAction\",\"target\":{\"@type\":\"EntryPoint\",\"urlTemplate\":\"https:\\\/\\\/www.hiil.org\\\/fr\\\/?s={search_term_string}\"},\"query-input\":{\"@type\":\"PropertyValueSpecification\",\"valueRequired\":true,\"valueName\":\"search_term_string\"}}],\"inLanguage\":\"fr-FR\"},{\"@type\":\"Organization\",\"@id\":\"https:\\\/\\\/www.hiil.org\\\/fr\\\/#organization\",\"name\":\"HiiL\",\"url\":\"https:\\\/\\\/www.hiil.org\\\/fr\\\/\",\"logo\":{\"@type\":\"ImageObject\",\"inLanguage\":\"fr-FR\",\"@id\":\"https:\\\/\\\/www.hiil.org\\\/fr\\\/#\\\/schema\\\/logo\\\/image\\\/\",\"url\":\"https:\\\/\\\/www.hiil.org\\\/wp-content\\\/uploads\\\/2018\\\/06\\\/temp_logo-e1528749988588.png\",\"contentUrl\":\"https:\\\/\\\/www.hiil.org\\\/wp-content\\\/uploads\\\/2018\\\/06\\\/temp_logo-e1528749988588.png\",\"width\":112,\"height\":67,\"caption\":\"HiiL\"},\"image\":{\"@id\":\"https:\\\/\\\/www.hiil.org\\\/fr\\\/#\\\/schema\\\/logo\\\/image\\\/\"},\"sameAs\":[\"https:\\\/\\\/www.facebook.com\\\/UserFriendlyJustice\\\/\",\"https:\\\/\\\/x.com\\\/InnoJustice\",\"https:\\\/\\\/www.instagram.com\\\/userfriendlyjustice\\\/\",\"https:\\\/\\\/www.linkedin.com\\\/company\\\/hiil-hague-institute-for-internationalisation-of-law\\\/\"]},{\"@type\":\"Person\",\"@id\":\"https:\\\/\\\/www.hiil.org\\\/fr\\\/#\\\/schema\\\/person\\\/0216b6d2a26ea13a1b630cb668466a84\",\"name\":\"maroeschka\",\"image\":{\"@type\":\"ImageObject\",\"inLanguage\":\"fr-FR\",\"@id\":\"https:\\\/\\\/secure.gravatar.com\\\/avatar\\\/5cb87f2ccf54d873e85131d1f481422a8c417b6a1d4c9019e9cedba4510efa49?s=96&d=mm&r=g\",\"url\":\"https:\\\/\\\/secure.gravatar.com\\\/avatar\\\/5cb87f2ccf54d873e85131d1f481422a8c417b6a1d4c9019e9cedba4510efa49?s=96&d=mm&r=g\",\"contentUrl\":\"https:\\\/\\\/secure.gravatar.com\\\/avatar\\\/5cb87f2ccf54d873e85131d1f481422a8c417b6a1d4c9019e9cedba4510efa49?s=96&d=mm&r=g\",\"caption\":\"maroeschka\"},\"url\":\"https:\\\/\\\/www.hiil.org\\\/fr\\\/author\\\/maroeschka\\\/\"}]}<\/script>\n<!-- \/ Yoast SEO plugin. -->","yoast_head_json":{"title":"JUSTICE IN THE COVID-19 CRISIS: WHAT PEOPLE ARE SAYING ON SOCIAL MEDIA - HiiL","robots":{"index":"index","follow":"follow","max-snippet":"max-snippet:-1","max-image-preview":"max-image-preview:large","max-video-preview":"max-video-preview:-1"},"canonical":"https:\/\/www.hiil.org\/fr\/news\/justice-in-the-covid-19-crisis-what-people-are-saying-on-social-media\/","og_locale":"fr_FR","og_type":"article","og_title":"JUSTICE IN THE COVID-19 CRISIS: WHAT PEOPLE ARE SAYING ON SOCIAL MEDIA - HiiL","og_description":"Trends beyond words | Words behind trends Sitting at home, staring at the computer (or phone) screen, peaking through the window. For millions of people, this daily and hourly sequence is the new meaning of routine, defined by the pandemic. We work, laugh, communicate, and worry surrounded by screens and devices. In this new normal, [&hellip;]","og_url":"https:\/\/www.hiil.org\/fr\/news\/justice-in-the-covid-19-crisis-what-people-are-saying-on-social-media\/","og_site_name":"HiiL","article_publisher":"https:\/\/www.facebook.com\/UserFriendlyJustice\/","article_published_time":"2020-11-30T11:27:21+00:00","article_modified_time":"2021-08-18T22:48:42+00:00","og_image":[{"width":2560,"height":1440,"url":"https:\/\/www.hiil.org\/wp-content\/uploads\/2020\/11\/Blog-post-justice-cloud-article-without-lines-2-scaled.jpg","type":"image\/jpeg"}],"author":"maroeschka","twitter_card":"summary_large_image","twitter_creator":"@InnoJustice","twitter_site":"@InnoJustice","twitter_misc":{"\u00c9crit par":"maroeschka","Dur\u00e9e de lecture estim\u00e9e":"4 minutes"},"schema":{"@context":"https:\/\/schema.org","@graph":[{"@type":"Article","@id":"https:\/\/www.hiil.org\/fr\/news\/justice-in-the-covid-19-crisis-what-people-are-saying-on-social-media\/#article","isPartOf":{"@id":"https:\/\/www.hiil.org\/fr\/news\/justice-in-the-covid-19-crisis-what-people-are-saying-on-social-media\/"},"author":{"name":"maroeschka","@id":"https:\/\/www.hiil.org\/fr\/#\/schema\/person\/0216b6d2a26ea13a1b630cb668466a84"},"headline":"JUSTICE IN THE COVID-19 CRISIS: WHAT PEOPLE ARE SAYING ON SOCIAL MEDIA","datePublished":"2020-11-30T11:27:21+00:00","dateModified":"2021-08-18T22:48:42+00:00","mainEntityOfPage":{"@id":"https:\/\/www.hiil.org\/fr\/news\/justice-in-the-covid-19-crisis-what-people-are-saying-on-social-media\/"},"wordCount":539,"publisher":{"@id":"https:\/\/www.hiil.org\/fr\/#organization"},"image":{"@id":"https:\/\/www.hiil.org\/fr\/news\/justice-in-the-covid-19-crisis-what-people-are-saying-on-social-media\/#primaryimage"},"thumbnailUrl":"https:\/\/www.hiil.org\/wp-content\/uploads\/2020\/11\/Blog-post-justice-cloud-article-without-lines-2-scaled.jpg","keywords":["Covid-19","Report"],"articleSection":["News and Articles"],"inLanguage":"fr-FR"},{"@type":"WebPage","@id":"https:\/\/www.hiil.org\/fr\/news\/justice-in-the-covid-19-crisis-what-people-are-saying-on-social-media\/","url":"https:\/\/www.hiil.org\/fr\/news\/justice-in-the-covid-19-crisis-what-people-are-saying-on-social-media\/","name":"JUSTICE IN THE COVID-19 CRISIS: WHAT PEOPLE ARE SAYING ON SOCIAL MEDIA - HiiL","isPartOf":{"@id":"https:\/\/www.hiil.org\/fr\/#website"},"primaryImageOfPage":{"@id":"https:\/\/www.hiil.org\/fr\/news\/justice-in-the-covid-19-crisis-what-people-are-saying-on-social-media\/#primaryimage"},"image":{"@id":"https:\/\/www.hiil.org\/fr\/news\/justice-in-the-covid-19-crisis-what-people-are-saying-on-social-media\/#primaryimage"},"thumbnailUrl":"https:\/\/www.hiil.org\/wp-content\/uploads\/2020\/11\/Blog-post-justice-cloud-article-without-lines-2-scaled.jpg","datePublished":"2020-11-30T11:27:21+00:00","dateModified":"2021-08-18T22:48:42+00:00","breadcrumb":{"@id":"https:\/\/www.hiil.org\/fr\/news\/justice-in-the-covid-19-crisis-what-people-are-saying-on-social-media\/#breadcrumb"},"inLanguage":"fr-FR","potentialAction":[{"@type":"ReadAction","target":["https:\/\/www.hiil.org\/fr\/news\/justice-in-the-covid-19-crisis-what-people-are-saying-on-social-media\/"]}]},{"@type":"ImageObject","inLanguage":"fr-FR","@id":"https:\/\/www.hiil.org\/fr\/news\/justice-in-the-covid-19-crisis-what-people-are-saying-on-social-media\/#primaryimage","url":"https:\/\/www.hiil.org\/wp-content\/uploads\/2020\/11\/Blog-post-justice-cloud-article-without-lines-2-scaled.jpg","contentUrl":"https:\/\/www.hiil.org\/wp-content\/uploads\/2020\/11\/Blog-post-justice-cloud-article-without-lines-2-scaled.jpg","width":2560,"height":1440},{"@type":"BreadcrumbList","@id":"https:\/\/www.hiil.org\/fr\/news\/justice-in-the-covid-19-crisis-what-people-are-saying-on-social-media\/#breadcrumb","itemListElement":[{"@type":"ListItem","position":1,"name":"Home","item":"https:\/\/www.hiil.org\/fr\/"},{"@type":"ListItem","position":2,"name":"JUSTICE IN THE COVID-19 CRISIS: WHAT PEOPLE ARE SAYING ON SOCIAL MEDIA"}]},{"@type":"WebSite","@id":"https:\/\/www.hiil.org\/fr\/#website","url":"https:\/\/www.hiil.org\/fr\/","name":"HiiL","description":"Pour une justice ax\u00e9e sur les personnes","publisher":{"@id":"https:\/\/www.hiil.org\/fr\/#organization"},"potentialAction":[{"@type":"SearchAction","target":{"@type":"EntryPoint","urlTemplate":"https:\/\/www.hiil.org\/fr\/?s={search_term_string}"},"query-input":{"@type":"PropertyValueSpecification","valueRequired":true,"valueName":"search_term_string"}}],"inLanguage":"fr-FR"},{"@type":"Organization","@id":"https:\/\/www.hiil.org\/fr\/#organization","name":"HiiL","url":"https:\/\/www.hiil.org\/fr\/","logo":{"@type":"ImageObject","inLanguage":"fr-FR","@id":"https:\/\/www.hiil.org\/fr\/#\/schema\/logo\/image\/","url":"https:\/\/www.hiil.org\/wp-content\/uploads\/2018\/06\/temp_logo-e1528749988588.png","contentUrl":"https:\/\/www.hiil.org\/wp-content\/uploads\/2018\/06\/temp_logo-e1528749988588.png","width":112,"height":67,"caption":"HiiL"},"image":{"@id":"https:\/\/www.hiil.org\/fr\/#\/schema\/logo\/image\/"},"sameAs":["https:\/\/www.facebook.com\/UserFriendlyJustice\/","https:\/\/x.com\/InnoJustice","https:\/\/www.instagram.com\/userfriendlyjustice\/","https:\/\/www.linkedin.com\/company\/hiil-hague-institute-for-internationalisation-of-law\/"]},{"@type":"Person","@id":"https:\/\/www.hiil.org\/fr\/#\/schema\/person\/0216b6d2a26ea13a1b630cb668466a84","name":"maroeschka","image":{"@type":"ImageObject","inLanguage":"fr-FR","@id":"https:\/\/secure.gravatar.com\/avatar\/5cb87f2ccf54d873e85131d1f481422a8c417b6a1d4c9019e9cedba4510efa49?s=96&d=mm&r=g","url":"https:\/\/secure.gravatar.com\/avatar\/5cb87f2ccf54d873e85131d1f481422a8c417b6a1d4c9019e9cedba4510efa49?s=96&d=mm&r=g","contentUrl":"https:\/\/secure.gravatar.com\/avatar\/5cb87f2ccf54d873e85131d1f481422a8c417b6a1d4c9019e9cedba4510efa49?s=96&d=mm&r=g","caption":"maroeschka"},"url":"https:\/\/www.hiil.org\/fr\/author\/maroeschka\/"}]}},"_links":{"self":[{"href":"https:\/\/www.hiil.org\/fr\/wp-json\/wp\/v2\/posts\/9888","targetHints":{"allow":["GET"]}}],"collection":[{"href":"https:\/\/www.hiil.org\/fr\/wp-json\/wp\/v2\/posts"}],"about":[{"href":"https:\/\/www.hiil.org\/fr\/wp-json\/wp\/v2\/types\/post"}],"author":[{"embeddable":true,"href":"https:\/\/www.hiil.org\/fr\/wp-json\/wp\/v2\/users\/36"}],"replies":[{"embeddable":true,"href":"https:\/\/www.hiil.org\/fr\/wp-json\/wp\/v2\/comments?post=9888"}],"version-history":[{"count":10,"href":"https:\/\/www.hiil.org\/fr\/wp-json\/wp\/v2\/posts\/9888\/revisions"}],"predecessor-version":[{"id":11384,"href":"https:\/\/www.hiil.org\/fr\/wp-json\/wp\/v2\/posts\/9888\/revisions\/11384"}],"wp:featuredmedia":[{"embeddable":true,"href":"https:\/\/www.hiil.org\/fr\/wp-json\/wp\/v2\/media\/9892"}],"wp:attachment":[{"href":"https:\/\/www.hiil.org\/fr\/wp-json\/wp\/v2\/media?parent=9888"}],"wp:term":[{"taxonomy":"category","embeddable":true,"href":"https:\/\/www.hiil.org\/fr\/wp-json\/wp\/v2\/categories?post=9888"},{"taxonomy":"post_tag","embeddable":true,"href":"https:\/\/www.hiil.org\/fr\/wp-json\/wp\/v2\/tags?post=9888"}],"curies":[{"name":"wp","href":"https:\/\/api.w.org\/{rel}","templated":true}]}}