{"id":9612,"date":"2020-10-20T11:02:47","date_gmt":"2020-10-20T11:02:47","guid":{"rendered":"https:\/\/www.hiil.org\/?p=9612"},"modified":"2021-08-18T21:00:29","modified_gmt":"2021-08-18T21:00:29","slug":"2020-annual-conference-kpsrl-harnessing-potential","status":"publish","type":"post","link":"https:\/\/www.hiil.org\/fr\/news\/2020-annual-conference-kpsrl-harnessing-potential\/","title":{"rendered":"2020 Annual Conference KPSRL: Harnessing Potential"},"content":{"rendered":"\n<p><strong><a href=\"https:\/\/www.youtube.com\/watch?v=k_LzpO_9LTs\" target=\"_blank\" rel=\"noreferrer noopener\">Panel discussion<\/a> led by Sam Muller<\/strong><\/p>\n\n\n\n<p>15 October 2020, our CEO Sam Muller, moderated a panel discussion during the 2020 Annual Conference of Knowledge Platform for Security and Rule of Law (KPSRL).<\/p>\n\n\n\n<p><em>\u201cLet\u2019s hope that at the end of Covid-19 crisis justice systems will be transformed. Just like governments are telling businesses we will support you if you become green, we should demand that justice systems come off the pandemic more people-centred.\u201d<\/em> &#8211; Sam Muller, HiiL<\/p>\n\n\n\n<figure class=\"wp-block-image size-large\"><img fetchpriority=\"high\" decoding=\"async\" width=\"814\" height=\"428\" src=\"https:\/\/www.hiil.org\/wp-content\/uploads\/2020\/10\/Sam-and-Marriet.png\" alt=\"\" class=\"wp-image-9617\" srcset=\"https:\/\/www.hiil.org\/wp-content\/uploads\/2020\/10\/Sam-and-Marriet.png 814w, https:\/\/www.hiil.org\/wp-content\/uploads\/2020\/10\/Sam-and-Marriet-300x158.png 300w, https:\/\/www.hiil.org\/wp-content\/uploads\/2020\/10\/Sam-and-Marriet-768x404.png 768w\" sizes=\"(max-width: 814px) 100vw, 814px\" \/><figcaption>Sam Muller and Marri\u00ebt Schuurman<\/figcaption><\/figure>\n\n\n\n<p><strong>People-centred justice<\/strong><br>The discussion emphasized on helping justice leaders from all sectors in finding innovative ways to meet challenges posed by the Covid-19 pandemic. The discussion highlighted how justice can catalyze the recovery, give people a fair chance in the economy, and help societies build back better.<strong> <\/strong>It laid focus on prioritizing people-centered justice in both response and recovery plans to combat the short, medium, and long-term effects of the pandemic.<\/p>\n\n\n\n<p><em>\u201cYou cannot ask the fish to empty the pond.\u201d<\/em> &#8211;<em> Marriet Schuurman<\/em>, MFA Netherlands on making a power shift towards marginalised communities along with the paradigm shift. She urged, <em>\u201cHold justice systems accountable and move from building capacity of institutions to enhancing responsiveness of institutions and addressing needs of the people.\u201d<\/em><\/p>\n\n\n\n<p><br><strong>Key takeaways<\/strong><br>Key points that emerged from the discussion are:<\/p>\n\n\n\n<ul class=\"wp-block-list\"><li>Safeguard against formulaic approaches: shift the focus away from building capacity of institutions to addressing needs of people.<\/li><li>Creating a body of evidence to understand people\u2019s experience of justice problems and services.<\/li><li>Support of international actors and donors to national governments and CSOs.<\/li><li>Not relying on state institutions to address all needs of the public but create partnerships between governments, CSOs, communities.<\/li><li>Maintaining independence of justice institutions and preventing politicians from taking advantage of the pandemic to undermine power of justice systems.<\/li><li>Utilising technology to share information about relief measures undertaken by the government and NGOs to combat covid-19 and the resulting justice problems.<\/li><\/ul>\n\n\n\n<p><em>\u201cWe need to create feedback loops between justice seekers and providers. For that justice needs and satisfaction surveys and mapping justice journeys of people is important.\u2019\u2019<\/em> &#8211; Andrew Soloman, USAID<\/p>\n\n\n\n<p><strong>Meet the Speakers<\/strong><\/p>\n\n\n\n<ul class=\"wp-block-list\"><li>Sam Muller: Founding Director of The Hague Institute for Innovation of Law (HiiL)<\/li><li>Diego Garc\u00eda-Say\u00e1n: Director General of the Andean Commission of Jurists, member of Permanent Court of Arbitration in The Hague &amp; Inter-American Dialogue<\/li><li>Gustavo Maurino: Professor at Law &amp; Political Science &amp; International Relationships at Universidad Torcuato Di Tella<\/li><li>Andrew Solomon: Senior Rule of Law Advisor at USAID<\/li><li>Sara Hossain: Barrister at the Supreme Court of Bangladesh in Constitutional, Public Interest &amp; Family Law<\/li><li>Marri\u00ebt Schuurman: Director of Stability &amp; Humanitarian Aid at the Dutch MFA | Member of UN Peace Building Fund Advisory Group<\/li><li>Yevgen Poltenko: Executive Director, Legal Development Network, Ukraine<\/li><\/ul>\n\n\n\n<figure class=\"wp-block-image size-large\"><img decoding=\"async\" width=\"835\" height=\"350\" src=\"https:\/\/www.hiil.org\/wp-content\/uploads\/2020\/10\/The-speakers.png\" alt=\"\" class=\"wp-image-9615\" srcset=\"https:\/\/www.hiil.org\/wp-content\/uploads\/2020\/10\/The-speakers.png 835w, https:\/\/www.hiil.org\/wp-content\/uploads\/2020\/10\/The-speakers-300x126.png 300w, https:\/\/www.hiil.org\/wp-content\/uploads\/2020\/10\/The-speakers-768x322.png 768w\" sizes=\"(max-width: 835px) 100vw, 835px\" \/><figcaption>The speakers<\/figcaption><\/figure>\n\n\n\n<p>Did you miss this session? You can watch the panel discussion <a href=\"https:\/\/www.youtube.com\/watch?v=k_LzpO_9LTs\" target=\"_blank\" rel=\"noreferrer noopener\">here<\/a>. <\/p>\n","protected":false},"excerpt":{"rendered":"<p>Panel discussion led by Sam Muller 15 October 2020, our CEO Sam Muller, moderated a panel discussion during the 2020 Annual Conference of Knowledge Platform for Security and Rule of Law (KPSRL). \u201cLet\u2019s hope that at the end of Covid-19 crisis justice systems will be transformed. Just like governments are telling businesses we will support [&hellip;]<\/p>\n","protected":false},"author":36,"featured_media":9617,"comment_status":"closed","ping_status":"closed","sticky":false,"template":"","format":"standard","meta":{"_acf_changed":false,"footnotes":""},"categories":[4],"tags":[185,67],"class_list":["post-9612","post","type-post","status-publish","format-standard","has-post-thumbnail","hentry","category-news","tag-covid-19","tag-justice-transformation"],"acf":[],"yoast_head":"<!-- This site is optimized with the Yoast SEO plugin v27.3 - https:\/\/yoast.com\/product\/yoast-seo-wordpress\/ -->\n<title>2020 Annual Conference KPSRL: Harnessing Potential - HiiL<\/title>\n<meta name=\"description\" content=\"15 October 2020, our CEO Sam Muller, moderated a panel discussion during the 2020 Annual Conference of Knowledge Platform for Security and Rule of Law (KPSRL).\" \/>\n<meta name=\"robots\" content=\"index, follow, max-snippet:-1, max-image-preview:large, max-video-preview:-1\" \/>\n<link rel=\"canonical\" href=\"https:\/\/www.hiil.org\/fr\/news\/2020-annual-conference-kpsrl-harnessing-potential\/\" \/>\n<meta property=\"og:locale\" content=\"fr_FR\" \/>\n<meta property=\"og:type\" content=\"article\" \/>\n<meta property=\"og:title\" content=\"2020 Annual Conference KPSRL: Harnessing Potential - HiiL\" \/>\n<meta property=\"og:description\" content=\"15 October 2020, our CEO Sam Muller, moderated a panel discussion during the 2020 Annual Conference of Knowledge Platform for Security and Rule of Law (KPSRL).\" \/>\n<meta property=\"og:url\" content=\"https:\/\/www.hiil.org\/fr\/news\/2020-annual-conference-kpsrl-harnessing-potential\/\" \/>\n<meta property=\"og:site_name\" content=\"HiiL\" \/>\n<meta property=\"article:publisher\" content=\"https:\/\/www.facebook.com\/UserFriendlyJustice\/\" \/>\n<meta property=\"article:published_time\" content=\"2020-10-20T11:02:47+00:00\" \/>\n<meta property=\"article:modified_time\" content=\"2021-08-18T21:00:29+00:00\" \/>\n<meta property=\"og:image\" content=\"https:\/\/www.hiil.org\/wp-content\/uploads\/2020\/10\/Sam-and-Marriet.png\" \/>\n\t<meta property=\"og:image:width\" content=\"814\" \/>\n\t<meta property=\"og:image:height\" content=\"428\" \/>\n\t<meta property=\"og:image:type\" content=\"image\/png\" \/>\n<meta name=\"author\" content=\"maroeschka\" \/>\n<meta name=\"twitter:card\" content=\"summary_large_image\" \/>\n<meta name=\"twitter:creator\" content=\"@InnoJustice\" \/>\n<meta name=\"twitter:site\" content=\"@InnoJustice\" \/>\n<meta name=\"twitter:label1\" content=\"\u00c9crit par\" \/>\n\t<meta name=\"twitter:data1\" content=\"maroeschka\" \/>\n\t<meta name=\"twitter:label2\" content=\"Dur\u00e9e de lecture estim\u00e9e\" \/>\n\t<meta name=\"twitter:data2\" content=\"3 minutes\" \/>\n<script type=\"application\/ld+json\" class=\"yoast-schema-graph\">{\"@context\":\"https:\\\/\\\/schema.org\",\"@graph\":[{\"@type\":\"Article\",\"@id\":\"https:\\\/\\\/www.hiil.org\\\/fr\\\/news\\\/2020-annual-conference-kpsrl-harnessing-potential\\\/#article\",\"isPartOf\":{\"@id\":\"https:\\\/\\\/www.hiil.org\\\/fr\\\/news\\\/2020-annual-conference-kpsrl-harnessing-potential\\\/\"},\"author\":{\"name\":\"maroeschka\",\"@id\":\"https:\\\/\\\/www.hiil.org\\\/fr\\\/#\\\/schema\\\/person\\\/0216b6d2a26ea13a1b630cb668466a84\"},\"headline\":\"2020 Annual Conference KPSRL: Harnessing Potential\",\"datePublished\":\"2020-10-20T11:02:47+00:00\",\"dateModified\":\"2021-08-18T21:00:29+00:00\",\"mainEntityOfPage\":{\"@id\":\"https:\\\/\\\/www.hiil.org\\\/fr\\\/news\\\/2020-annual-conference-kpsrl-harnessing-potential\\\/\"},\"wordCount\":476,\"publisher\":{\"@id\":\"https:\\\/\\\/www.hiil.org\\\/fr\\\/#organization\"},\"image\":{\"@id\":\"https:\\\/\\\/www.hiil.org\\\/fr\\\/news\\\/2020-annual-conference-kpsrl-harnessing-potential\\\/#primaryimage\"},\"thumbnailUrl\":\"https:\\\/\\\/www.hiil.org\\\/wp-content\\\/uploads\\\/2020\\\/10\\\/Sam-and-Marriet.png\",\"keywords\":[\"Covid-19\",\"Justice Transformation\"],\"articleSection\":[\"News and Articles\"],\"inLanguage\":\"fr-FR\"},{\"@type\":\"WebPage\",\"@id\":\"https:\\\/\\\/www.hiil.org\\\/fr\\\/news\\\/2020-annual-conference-kpsrl-harnessing-potential\\\/\",\"url\":\"https:\\\/\\\/www.hiil.org\\\/fr\\\/news\\\/2020-annual-conference-kpsrl-harnessing-potential\\\/\",\"name\":\"2020 Annual Conference KPSRL: Harnessing Potential - HiiL\",\"isPartOf\":{\"@id\":\"https:\\\/\\\/www.hiil.org\\\/fr\\\/#website\"},\"primaryImageOfPage\":{\"@id\":\"https:\\\/\\\/www.hiil.org\\\/fr\\\/news\\\/2020-annual-conference-kpsrl-harnessing-potential\\\/#primaryimage\"},\"image\":{\"@id\":\"https:\\\/\\\/www.hiil.org\\\/fr\\\/news\\\/2020-annual-conference-kpsrl-harnessing-potential\\\/#primaryimage\"},\"thumbnailUrl\":\"https:\\\/\\\/www.hiil.org\\\/wp-content\\\/uploads\\\/2020\\\/10\\\/Sam-and-Marriet.png\",\"datePublished\":\"2020-10-20T11:02:47+00:00\",\"dateModified\":\"2021-08-18T21:00:29+00:00\",\"description\":\"15 October 2020, our CEO Sam Muller, moderated a panel discussion during the 2020 Annual Conference of Knowledge Platform for Security and Rule of Law (KPSRL).\",\"breadcrumb\":{\"@id\":\"https:\\\/\\\/www.hiil.org\\\/fr\\\/news\\\/2020-annual-conference-kpsrl-harnessing-potential\\\/#breadcrumb\"},\"inLanguage\":\"fr-FR\",\"potentialAction\":[{\"@type\":\"ReadAction\",\"target\":[\"https:\\\/\\\/www.hiil.org\\\/fr\\\/news\\\/2020-annual-conference-kpsrl-harnessing-potential\\\/\"]}]},{\"@type\":\"ImageObject\",\"inLanguage\":\"fr-FR\",\"@id\":\"https:\\\/\\\/www.hiil.org\\\/fr\\\/news\\\/2020-annual-conference-kpsrl-harnessing-potential\\\/#primaryimage\",\"url\":\"https:\\\/\\\/www.hiil.org\\\/wp-content\\\/uploads\\\/2020\\\/10\\\/Sam-and-Marriet.png\",\"contentUrl\":\"https:\\\/\\\/www.hiil.org\\\/wp-content\\\/uploads\\\/2020\\\/10\\\/Sam-and-Marriet.png\",\"width\":814,\"height\":428},{\"@type\":\"BreadcrumbList\",\"@id\":\"https:\\\/\\\/www.hiil.org\\\/fr\\\/news\\\/2020-annual-conference-kpsrl-harnessing-potential\\\/#breadcrumb\",\"itemListElement\":[{\"@type\":\"ListItem\",\"position\":1,\"name\":\"Home\",\"item\":\"https:\\\/\\\/www.hiil.org\\\/fr\\\/\"},{\"@type\":\"ListItem\",\"position\":2,\"name\":\"2020 Annual Conference KPSRL: Harnessing Potential\"}]},{\"@type\":\"WebSite\",\"@id\":\"https:\\\/\\\/www.hiil.org\\\/fr\\\/#website\",\"url\":\"https:\\\/\\\/www.hiil.org\\\/fr\\\/\",\"name\":\"HiiL\",\"description\":\"Pour une justice ax\u00e9e sur les personnes\",\"publisher\":{\"@id\":\"https:\\\/\\\/www.hiil.org\\\/fr\\\/#organization\"},\"potentialAction\":[{\"@type\":\"SearchAction\",\"target\":{\"@type\":\"EntryPoint\",\"urlTemplate\":\"https:\\\/\\\/www.hiil.org\\\/fr\\\/?s={search_term_string}\"},\"query-input\":{\"@type\":\"PropertyValueSpecification\",\"valueRequired\":true,\"valueName\":\"search_term_string\"}}],\"inLanguage\":\"fr-FR\"},{\"@type\":\"Organization\",\"@id\":\"https:\\\/\\\/www.hiil.org\\\/fr\\\/#organization\",\"name\":\"HiiL\",\"url\":\"https:\\\/\\\/www.hiil.org\\\/fr\\\/\",\"logo\":{\"@type\":\"ImageObject\",\"inLanguage\":\"fr-FR\",\"@id\":\"https:\\\/\\\/www.hiil.org\\\/fr\\\/#\\\/schema\\\/logo\\\/image\\\/\",\"url\":\"https:\\\/\\\/www.hiil.org\\\/wp-content\\\/uploads\\\/2018\\\/06\\\/temp_logo-e1528749988588.png\",\"contentUrl\":\"https:\\\/\\\/www.hiil.org\\\/wp-content\\\/uploads\\\/2018\\\/06\\\/temp_logo-e1528749988588.png\",\"width\":112,\"height\":67,\"caption\":\"HiiL\"},\"image\":{\"@id\":\"https:\\\/\\\/www.hiil.org\\\/fr\\\/#\\\/schema\\\/logo\\\/image\\\/\"},\"sameAs\":[\"https:\\\/\\\/www.facebook.com\\\/UserFriendlyJustice\\\/\",\"https:\\\/\\\/x.com\\\/InnoJustice\",\"https:\\\/\\\/www.instagram.com\\\/userfriendlyjustice\\\/\",\"https:\\\/\\\/www.linkedin.com\\\/company\\\/hiil-hague-institute-for-internationalisation-of-law\\\/\"]},{\"@type\":\"Person\",\"@id\":\"https:\\\/\\\/www.hiil.org\\\/fr\\\/#\\\/schema\\\/person\\\/0216b6d2a26ea13a1b630cb668466a84\",\"name\":\"maroeschka\",\"image\":{\"@type\":\"ImageObject\",\"inLanguage\":\"fr-FR\",\"@id\":\"https:\\\/\\\/secure.gravatar.com\\\/avatar\\\/5cb87f2ccf54d873e85131d1f481422a8c417b6a1d4c9019e9cedba4510efa49?s=96&d=mm&r=g\",\"url\":\"https:\\\/\\\/secure.gravatar.com\\\/avatar\\\/5cb87f2ccf54d873e85131d1f481422a8c417b6a1d4c9019e9cedba4510efa49?s=96&d=mm&r=g\",\"contentUrl\":\"https:\\\/\\\/secure.gravatar.com\\\/avatar\\\/5cb87f2ccf54d873e85131d1f481422a8c417b6a1d4c9019e9cedba4510efa49?s=96&d=mm&r=g\",\"caption\":\"maroeschka\"},\"url\":\"https:\\\/\\\/www.hiil.org\\\/fr\\\/author\\\/maroeschka\\\/\"}]}<\/script>\n<!-- \/ Yoast SEO plugin. -->","yoast_head_json":{"title":"2020 Annual Conference KPSRL: Harnessing Potential - HiiL","description":"15 October 2020, our CEO Sam Muller, moderated a panel discussion during the 2020 Annual Conference of Knowledge Platform for Security and Rule of Law (KPSRL).","robots":{"index":"index","follow":"follow","max-snippet":"max-snippet:-1","max-image-preview":"max-image-preview:large","max-video-preview":"max-video-preview:-1"},"canonical":"https:\/\/www.hiil.org\/fr\/news\/2020-annual-conference-kpsrl-harnessing-potential\/","og_locale":"fr_FR","og_type":"article","og_title":"2020 Annual Conference KPSRL: Harnessing Potential - HiiL","og_description":"15 October 2020, our CEO Sam Muller, moderated a panel discussion during the 2020 Annual Conference of Knowledge Platform for Security and Rule of Law (KPSRL).","og_url":"https:\/\/www.hiil.org\/fr\/news\/2020-annual-conference-kpsrl-harnessing-potential\/","og_site_name":"HiiL","article_publisher":"https:\/\/www.facebook.com\/UserFriendlyJustice\/","article_published_time":"2020-10-20T11:02:47+00:00","article_modified_time":"2021-08-18T21:00:29+00:00","og_image":[{"width":814,"height":428,"url":"https:\/\/www.hiil.org\/wp-content\/uploads\/2020\/10\/Sam-and-Marriet.png","type":"image\/png"}],"author":"maroeschka","twitter_card":"summary_large_image","twitter_creator":"@InnoJustice","twitter_site":"@InnoJustice","twitter_misc":{"\u00c9crit par":"maroeschka","Dur\u00e9e de lecture estim\u00e9e":"3 minutes"},"schema":{"@context":"https:\/\/schema.org","@graph":[{"@type":"Article","@id":"https:\/\/www.hiil.org\/fr\/news\/2020-annual-conference-kpsrl-harnessing-potential\/#article","isPartOf":{"@id":"https:\/\/www.hiil.org\/fr\/news\/2020-annual-conference-kpsrl-harnessing-potential\/"},"author":{"name":"maroeschka","@id":"https:\/\/www.hiil.org\/fr\/#\/schema\/person\/0216b6d2a26ea13a1b630cb668466a84"},"headline":"2020 Annual Conference KPSRL: Harnessing Potential","datePublished":"2020-10-20T11:02:47+00:00","dateModified":"2021-08-18T21:00:29+00:00","mainEntityOfPage":{"@id":"https:\/\/www.hiil.org\/fr\/news\/2020-annual-conference-kpsrl-harnessing-potential\/"},"wordCount":476,"publisher":{"@id":"https:\/\/www.hiil.org\/fr\/#organization"},"image":{"@id":"https:\/\/www.hiil.org\/fr\/news\/2020-annual-conference-kpsrl-harnessing-potential\/#primaryimage"},"thumbnailUrl":"https:\/\/www.hiil.org\/wp-content\/uploads\/2020\/10\/Sam-and-Marriet.png","keywords":["Covid-19","Justice Transformation"],"articleSection":["News and Articles"],"inLanguage":"fr-FR"},{"@type":"WebPage","@id":"https:\/\/www.hiil.org\/fr\/news\/2020-annual-conference-kpsrl-harnessing-potential\/","url":"https:\/\/www.hiil.org\/fr\/news\/2020-annual-conference-kpsrl-harnessing-potential\/","name":"2020 Annual Conference KPSRL: Harnessing Potential - HiiL","isPartOf":{"@id":"https:\/\/www.hiil.org\/fr\/#website"},"primaryImageOfPage":{"@id":"https:\/\/www.hiil.org\/fr\/news\/2020-annual-conference-kpsrl-harnessing-potential\/#primaryimage"},"image":{"@id":"https:\/\/www.hiil.org\/fr\/news\/2020-annual-conference-kpsrl-harnessing-potential\/#primaryimage"},"thumbnailUrl":"https:\/\/www.hiil.org\/wp-content\/uploads\/2020\/10\/Sam-and-Marriet.png","datePublished":"2020-10-20T11:02:47+00:00","dateModified":"2021-08-18T21:00:29+00:00","description":"15 October 2020, our CEO Sam Muller, moderated a panel discussion during the 2020 Annual Conference of Knowledge Platform for Security and Rule of Law (KPSRL).","breadcrumb":{"@id":"https:\/\/www.hiil.org\/fr\/news\/2020-annual-conference-kpsrl-harnessing-potential\/#breadcrumb"},"inLanguage":"fr-FR","potentialAction":[{"@type":"ReadAction","target":["https:\/\/www.hiil.org\/fr\/news\/2020-annual-conference-kpsrl-harnessing-potential\/"]}]},{"@type":"ImageObject","inLanguage":"fr-FR","@id":"https:\/\/www.hiil.org\/fr\/news\/2020-annual-conference-kpsrl-harnessing-potential\/#primaryimage","url":"https:\/\/www.hiil.org\/wp-content\/uploads\/2020\/10\/Sam-and-Marriet.png","contentUrl":"https:\/\/www.hiil.org\/wp-content\/uploads\/2020\/10\/Sam-and-Marriet.png","width":814,"height":428},{"@type":"BreadcrumbList","@id":"https:\/\/www.hiil.org\/fr\/news\/2020-annual-conference-kpsrl-harnessing-potential\/#breadcrumb","itemListElement":[{"@type":"ListItem","position":1,"name":"Home","item":"https:\/\/www.hiil.org\/fr\/"},{"@type":"ListItem","position":2,"name":"2020 Annual Conference KPSRL: Harnessing Potential"}]},{"@type":"WebSite","@id":"https:\/\/www.hiil.org\/fr\/#website","url":"https:\/\/www.hiil.org\/fr\/","name":"HiiL","description":"Pour une justice ax\u00e9e sur les personnes","publisher":{"@id":"https:\/\/www.hiil.org\/fr\/#organization"},"potentialAction":[{"@type":"SearchAction","target":{"@type":"EntryPoint","urlTemplate":"https:\/\/www.hiil.org\/fr\/?s={search_term_string}"},"query-input":{"@type":"PropertyValueSpecification","valueRequired":true,"valueName":"search_term_string"}}],"inLanguage":"fr-FR"},{"@type":"Organization","@id":"https:\/\/www.hiil.org\/fr\/#organization","name":"HiiL","url":"https:\/\/www.hiil.org\/fr\/","logo":{"@type":"ImageObject","inLanguage":"fr-FR","@id":"https:\/\/www.hiil.org\/fr\/#\/schema\/logo\/image\/","url":"https:\/\/www.hiil.org\/wp-content\/uploads\/2018\/06\/temp_logo-e1528749988588.png","contentUrl":"https:\/\/www.hiil.org\/wp-content\/uploads\/2018\/06\/temp_logo-e1528749988588.png","width":112,"height":67,"caption":"HiiL"},"image":{"@id":"https:\/\/www.hiil.org\/fr\/#\/schema\/logo\/image\/"},"sameAs":["https:\/\/www.facebook.com\/UserFriendlyJustice\/","https:\/\/x.com\/InnoJustice","https:\/\/www.instagram.com\/userfriendlyjustice\/","https:\/\/www.linkedin.com\/company\/hiil-hague-institute-for-internationalisation-of-law\/"]},{"@type":"Person","@id":"https:\/\/www.hiil.org\/fr\/#\/schema\/person\/0216b6d2a26ea13a1b630cb668466a84","name":"maroeschka","image":{"@type":"ImageObject","inLanguage":"fr-FR","@id":"https:\/\/secure.gravatar.com\/avatar\/5cb87f2ccf54d873e85131d1f481422a8c417b6a1d4c9019e9cedba4510efa49?s=96&d=mm&r=g","url":"https:\/\/secure.gravatar.com\/avatar\/5cb87f2ccf54d873e85131d1f481422a8c417b6a1d4c9019e9cedba4510efa49?s=96&d=mm&r=g","contentUrl":"https:\/\/secure.gravatar.com\/avatar\/5cb87f2ccf54d873e85131d1f481422a8c417b6a1d4c9019e9cedba4510efa49?s=96&d=mm&r=g","caption":"maroeschka"},"url":"https:\/\/www.hiil.org\/fr\/author\/maroeschka\/"}]}},"_links":{"self":[{"href":"https:\/\/www.hiil.org\/fr\/wp-json\/wp\/v2\/posts\/9612","targetHints":{"allow":["GET"]}}],"collection":[{"href":"https:\/\/www.hiil.org\/fr\/wp-json\/wp\/v2\/posts"}],"about":[{"href":"https:\/\/www.hiil.org\/fr\/wp-json\/wp\/v2\/types\/post"}],"author":[{"embeddable":true,"href":"https:\/\/www.hiil.org\/fr\/wp-json\/wp\/v2\/users\/36"}],"replies":[{"embeddable":true,"href":"https:\/\/www.hiil.org\/fr\/wp-json\/wp\/v2\/comments?post=9612"}],"version-history":[{"count":13,"href":"https:\/\/www.hiil.org\/fr\/wp-json\/wp\/v2\/posts\/9612\/revisions"}],"predecessor-version":[{"id":11362,"href":"https:\/\/www.hiil.org\/fr\/wp-json\/wp\/v2\/posts\/9612\/revisions\/11362"}],"wp:featuredmedia":[{"embeddable":true,"href":"https:\/\/www.hiil.org\/fr\/wp-json\/wp\/v2\/media\/9617"}],"wp:attachment":[{"href":"https:\/\/www.hiil.org\/fr\/wp-json\/wp\/v2\/media?parent=9612"}],"wp:term":[{"taxonomy":"category","embeddable":true,"href":"https:\/\/www.hiil.org\/fr\/wp-json\/wp\/v2\/categories?post=9612"},{"taxonomy":"post_tag","embeddable":true,"href":"https:\/\/www.hiil.org\/fr\/wp-json\/wp\/v2\/tags?post=9612"}],"curies":[{"name":"wp","href":"https:\/\/api.w.org\/{rel}","templated":true}]}}