{"id":4296,"date":"2018-09-03T15:14:38","date_gmt":"2018-09-03T15:14:38","guid":{"rendered":"https:\/\/www.hiil.org\/?p=4296"},"modified":"2019-03-19T15:17:26","modified_gmt":"2019-03-19T15:17:26","slug":"first-of-the-innovating-justice-challenge-regional-finals-has-started-in-johannesburg","status":"publish","type":"post","link":"https:\/\/www.hiil.org\/fr\/events\/first-of-the-innovating-justice-challenge-regional-finals-has-started-in-johannesburg\/","title":{"rendered":"First of the Innovating Justice Challenge Regional Finals has started in Johannesburg !"},"content":{"rendered":"\n<p>And we\u2019re off! The first of seven Regional Finals of the Innovating Justice Challenges has begun in Johannesburg today. The selected innovators will receive a training today so they can further prepare for the pitch competition of tomorrow. It will be a tough competition because the level of all the innovators is extremely high!<\/p>\n\n\n\n<p>The Finalists will be judged based on the following four criteria: impact on access to justice, (financial) sustainability, potential for&nbsp;growth and overall presentation.<\/p>\n\n\n\n<p>Read more about the innovators here:<\/p>\n\n\n\n<h3 class=\"wp-block-heading\"><strong>South Africa<\/strong><\/h3>\n\n\n\n<ul class=\"wp-block-list\"><li><a href=\"https:\/\/www.youtube.com\/watch?v=fmrzaQ787ho\">Epoq Legal (Pty) Ltd<\/a>:\u00a0Epoq Legal (Pty) Ltd is an online (or offline) real-time legal document automation, designed for everyday people. It includes help, guidance and examples throughout the process including multiple workflows.<\/li><li><a href=\"http:\/\/baobab.law\/\">Boabob<\/a>:\u00a0Baobob is a platform which enables lawyers to create engaging video-based tutorials, to empower people to resolve many of their own legal issues.<\/li><li><a href=\"http:\/\/www.masenze-sa.co.za\/\">Masenze Strategic Advisors<\/a>:\u00a0Masenze Strategic Advisors provides convenient, relevant and affordable education and information with respect to awareness of basic socio-economic rights, to enable self-representation by the vulnerable and marginalised<\/li><li>Buyisa Soul and Spiritual Centre:\u00a0Traditional Healers in the Alexandra township convene a mediation court. The innovation is to establish a centre, replicate, and provide additional access to justice.<\/li><li><a href=\"http:\/\/www.portablelawyer.com\/\">Portable Lawyer (Pty) Ltd<\/a>:\u00a0Allows for easy, affordable access to more than 30 critical contracts, realtime on demand legal support, digital signatures, contract management and data protection compliant.<\/li><\/ul>\n\n\n\n<h3 class=\"wp-block-heading\"><strong>Zimbabwe<\/strong><\/h3>\n\n\n\n<ul class=\"wp-block-list\"><li><a href=\"https:\/\/www.shirishanu.com\/phoenixcms\/\">PhoenixCMS<\/a>: Phoenix Case Management System is a computerised platform that enhances justice organisations\u2019 case intake, tracking, resolution of reported cases, multisectoral coordination and data analysis.<\/li><li><a href=\"http:\/\/www.enrapower.co.zw\/\">IPassist-zw<\/a>: IPassist-zw is a web-based platform that enables start-ups and SMEs to access effective and affordable intellectual property services from a pool of experts and lawyers<\/li><\/ul>\n\n\n\n<p>It is still possible to attend the Regional Finals, although places are filling up very fast! Click on one of the location below to register.<\/p>\n\n\n\n<ul class=\"wp-block-list\"><li><a href=\"https:\/\/www.eventbrite.co.uk\/e\/innovating-justice-challenge-regional-finals-southern-africa-2018-tickets-48232573927\">Johannesburg<\/a>\u00a0\u2013 4 September, Sandton Convention Centre<\/li><li><a href=\"https:\/\/2event.com\/\">Kyiv\u00a0<\/a>\u2013 27 September,\u00a01991 Civic Tech Centre<\/li><li><a href=\"https:\/\/www.eventbrite.co.uk\/e\/lagos-innovating-justice-conference-tickets-44788815553\">Lagos<\/a>\u00a0\u2013 21 September, Landmark Centre<\/li><li><a href=\"https:\/\/www.eventbrite.co.uk\/e\/innovating-justice-conference-nairobi-tickets-48194880184\">Nairobi<\/a>\u00a0\u2013 21 September,\u00a0iHub Nairobi<\/li><li><a href=\"https:\/\/www.eventbrite.com\/e\/innovating-justice-conference-tickets-48238873770\">Kampala<\/a>\u00a0\u2013 28 September, Hotel Africana<\/li><li><a href=\"https:\/\/impactstartupfest.com\/impact-startup-fest\/meetups\/\">Netherlands<\/a>\u00a0\u2013 2 October, Impact Startup Fest, Fokker Terminal<\/li><li>Dhaka- 6 October, BRAC Centre<\/li><\/ul>\n\n\n\n<p>We will keep you updated on the Regional Finals here so make sure to check this website regularly!<\/p>\n","protected":false},"excerpt":{"rendered":"<p>And we\u2019re off! The first of seven Regional Finals of the Innovating Justice Challenges has begun in Johannesburg today. The selected innovators will receive a training today so they can further prepare for the pitch competition of tomorrow. It will be a tough competition because the level of all the innovators is extremely high! The [&hellip;]<\/p>\n","protected":false},"author":3,"featured_media":4297,"comment_status":"closed","ping_status":"open","sticky":false,"template":"","format":"standard","meta":{"_acf_changed":false,"footnotes":""},"categories":[1],"tags":[],"class_list":["post-4296","post","type-post","status-publish","format-standard","has-post-thumbnail","hentry","category-events"],"acf":[],"yoast_head":"<!-- This site is optimized with the Yoast SEO plugin v27.3 - https:\/\/yoast.com\/product\/yoast-seo-wordpress\/ -->\n<title>First of the Innovating Justice Challenge Regional Finals has started in Johannesburg ! - HiiL<\/title>\n<meta name=\"robots\" content=\"index, follow, max-snippet:-1, max-image-preview:large, max-video-preview:-1\" \/>\n<link rel=\"canonical\" href=\"https:\/\/www.hiil.org\/fr\/events\/first-of-the-innovating-justice-challenge-regional-finals-has-started-in-johannesburg\/\" \/>\n<meta property=\"og:locale\" content=\"fr_FR\" \/>\n<meta property=\"og:type\" content=\"article\" \/>\n<meta property=\"og:title\" content=\"First of the Innovating Justice Challenge Regional Finals has started in Johannesburg ! - HiiL\" \/>\n<meta property=\"og:description\" content=\"And we\u2019re off! The first of seven Regional Finals of the Innovating Justice Challenges has begun in Johannesburg today. The selected innovators will receive a training today so they can further prepare for the pitch competition of tomorrow. It will be a tough competition because the level of all the innovators is extremely high! The [&hellip;]\" \/>\n<meta property=\"og:url\" content=\"https:\/\/www.hiil.org\/fr\/events\/first-of-the-innovating-justice-challenge-regional-finals-has-started-in-johannesburg\/\" \/>\n<meta property=\"og:site_name\" content=\"HiiL\" \/>\n<meta property=\"article:publisher\" content=\"https:\/\/www.facebook.com\/UserFriendlyJustice\/\" \/>\n<meta property=\"article:published_time\" content=\"2018-09-03T15:14:38+00:00\" \/>\n<meta property=\"article:modified_time\" content=\"2019-03-19T15:17:26+00:00\" \/>\n<meta property=\"og:image\" content=\"https:\/\/www.hiil.org\/wp-content\/uploads\/2019\/03\/ijchjoburg1.jpg\" \/>\n\t<meta property=\"og:image:width\" content=\"640\" \/>\n\t<meta property=\"og:image:height\" content=\"300\" \/>\n\t<meta property=\"og:image:type\" content=\"image\/jpeg\" \/>\n<meta name=\"author\" content=\"Paulina\" \/>\n<meta name=\"twitter:card\" content=\"summary_large_image\" \/>\n<meta name=\"twitter:creator\" content=\"@InnoJustice\" \/>\n<meta name=\"twitter:site\" content=\"@InnoJustice\" \/>\n<meta name=\"twitter:label1\" content=\"\u00c9crit par\" \/>\n\t<meta name=\"twitter:data1\" content=\"Paulina\" \/>\n\t<meta name=\"twitter:label2\" content=\"Dur\u00e9e de lecture estim\u00e9e\" \/>\n\t<meta name=\"twitter:data2\" content=\"2 minutes\" \/>\n<script type=\"application\/ld+json\" class=\"yoast-schema-graph\">{\"@context\":\"https:\\\/\\\/schema.org\",\"@graph\":[{\"@type\":\"Article\",\"@id\":\"https:\\\/\\\/www.hiil.org\\\/fr\\\/events\\\/first-of-the-innovating-justice-challenge-regional-finals-has-started-in-johannesburg\\\/#article\",\"isPartOf\":{\"@id\":\"https:\\\/\\\/www.hiil.org\\\/fr\\\/events\\\/first-of-the-innovating-justice-challenge-regional-finals-has-started-in-johannesburg\\\/\"},\"author\":{\"name\":\"Paulina\",\"@id\":\"https:\\\/\\\/www.hiil.org\\\/fr\\\/#\\\/schema\\\/person\\\/4107ac8b417c76c6f980c8568ab95c60\"},\"headline\":\"First of the Innovating Justice Challenge Regional Finals has started in Johannesburg !\",\"datePublished\":\"2018-09-03T15:14:38+00:00\",\"dateModified\":\"2019-03-19T15:17:26+00:00\",\"mainEntityOfPage\":{\"@id\":\"https:\\\/\\\/www.hiil.org\\\/fr\\\/events\\\/first-of-the-innovating-justice-challenge-regional-finals-has-started-in-johannesburg\\\/\"},\"wordCount\":371,\"publisher\":{\"@id\":\"https:\\\/\\\/www.hiil.org\\\/fr\\\/#organization\"},\"image\":{\"@id\":\"https:\\\/\\\/www.hiil.org\\\/fr\\\/events\\\/first-of-the-innovating-justice-challenge-regional-finals-has-started-in-johannesburg\\\/#primaryimage\"},\"thumbnailUrl\":\"https:\\\/\\\/www.hiil.org\\\/wp-content\\\/uploads\\\/2019\\\/03\\\/ijchjoburg1.jpg\",\"articleSection\":[\"Events\"],\"inLanguage\":\"fr-FR\"},{\"@type\":\"WebPage\",\"@id\":\"https:\\\/\\\/www.hiil.org\\\/fr\\\/events\\\/first-of-the-innovating-justice-challenge-regional-finals-has-started-in-johannesburg\\\/\",\"url\":\"https:\\\/\\\/www.hiil.org\\\/fr\\\/events\\\/first-of-the-innovating-justice-challenge-regional-finals-has-started-in-johannesburg\\\/\",\"name\":\"First of the Innovating Justice Challenge Regional Finals has started in Johannesburg ! - HiiL\",\"isPartOf\":{\"@id\":\"https:\\\/\\\/www.hiil.org\\\/fr\\\/#website\"},\"primaryImageOfPage\":{\"@id\":\"https:\\\/\\\/www.hiil.org\\\/fr\\\/events\\\/first-of-the-innovating-justice-challenge-regional-finals-has-started-in-johannesburg\\\/#primaryimage\"},\"image\":{\"@id\":\"https:\\\/\\\/www.hiil.org\\\/fr\\\/events\\\/first-of-the-innovating-justice-challenge-regional-finals-has-started-in-johannesburg\\\/#primaryimage\"},\"thumbnailUrl\":\"https:\\\/\\\/www.hiil.org\\\/wp-content\\\/uploads\\\/2019\\\/03\\\/ijchjoburg1.jpg\",\"datePublished\":\"2018-09-03T15:14:38+00:00\",\"dateModified\":\"2019-03-19T15:17:26+00:00\",\"breadcrumb\":{\"@id\":\"https:\\\/\\\/www.hiil.org\\\/fr\\\/events\\\/first-of-the-innovating-justice-challenge-regional-finals-has-started-in-johannesburg\\\/#breadcrumb\"},\"inLanguage\":\"fr-FR\",\"potentialAction\":[{\"@type\":\"ReadAction\",\"target\":[\"https:\\\/\\\/www.hiil.org\\\/fr\\\/events\\\/first-of-the-innovating-justice-challenge-regional-finals-has-started-in-johannesburg\\\/\"]}]},{\"@type\":\"ImageObject\",\"inLanguage\":\"fr-FR\",\"@id\":\"https:\\\/\\\/www.hiil.org\\\/fr\\\/events\\\/first-of-the-innovating-justice-challenge-regional-finals-has-started-in-johannesburg\\\/#primaryimage\",\"url\":\"https:\\\/\\\/www.hiil.org\\\/wp-content\\\/uploads\\\/2019\\\/03\\\/ijchjoburg1.jpg\",\"contentUrl\":\"https:\\\/\\\/www.hiil.org\\\/wp-content\\\/uploads\\\/2019\\\/03\\\/ijchjoburg1.jpg\",\"width\":640,\"height\":300},{\"@type\":\"BreadcrumbList\",\"@id\":\"https:\\\/\\\/www.hiil.org\\\/fr\\\/events\\\/first-of-the-innovating-justice-challenge-regional-finals-has-started-in-johannesburg\\\/#breadcrumb\",\"itemListElement\":[{\"@type\":\"ListItem\",\"position\":1,\"name\":\"Home\",\"item\":\"https:\\\/\\\/www.hiil.org\\\/fr\\\/\"},{\"@type\":\"ListItem\",\"position\":2,\"name\":\"First of the Innovating Justice Challenge Regional Finals has started in Johannesburg !\"}]},{\"@type\":\"WebSite\",\"@id\":\"https:\\\/\\\/www.hiil.org\\\/fr\\\/#website\",\"url\":\"https:\\\/\\\/www.hiil.org\\\/fr\\\/\",\"name\":\"HiiL\",\"description\":\"Pour une justice ax\u00e9e sur les personnes\",\"publisher\":{\"@id\":\"https:\\\/\\\/www.hiil.org\\\/fr\\\/#organization\"},\"potentialAction\":[{\"@type\":\"SearchAction\",\"target\":{\"@type\":\"EntryPoint\",\"urlTemplate\":\"https:\\\/\\\/www.hiil.org\\\/fr\\\/?s={search_term_string}\"},\"query-input\":{\"@type\":\"PropertyValueSpecification\",\"valueRequired\":true,\"valueName\":\"search_term_string\"}}],\"inLanguage\":\"fr-FR\"},{\"@type\":\"Organization\",\"@id\":\"https:\\\/\\\/www.hiil.org\\\/fr\\\/#organization\",\"name\":\"HiiL\",\"url\":\"https:\\\/\\\/www.hiil.org\\\/fr\\\/\",\"logo\":{\"@type\":\"ImageObject\",\"inLanguage\":\"fr-FR\",\"@id\":\"https:\\\/\\\/www.hiil.org\\\/fr\\\/#\\\/schema\\\/logo\\\/image\\\/\",\"url\":\"https:\\\/\\\/www.hiil.org\\\/wp-content\\\/uploads\\\/2018\\\/06\\\/temp_logo-e1528749988588.png\",\"contentUrl\":\"https:\\\/\\\/www.hiil.org\\\/wp-content\\\/uploads\\\/2018\\\/06\\\/temp_logo-e1528749988588.png\",\"width\":112,\"height\":67,\"caption\":\"HiiL\"},\"image\":{\"@id\":\"https:\\\/\\\/www.hiil.org\\\/fr\\\/#\\\/schema\\\/logo\\\/image\\\/\"},\"sameAs\":[\"https:\\\/\\\/www.facebook.com\\\/UserFriendlyJustice\\\/\",\"https:\\\/\\\/x.com\\\/InnoJustice\",\"https:\\\/\\\/www.instagram.com\\\/userfriendlyjustice\\\/\",\"https:\\\/\\\/www.linkedin.com\\\/company\\\/hiil-hague-institute-for-internationalisation-of-law\\\/\"]},{\"@type\":\"Person\",\"@id\":\"https:\\\/\\\/www.hiil.org\\\/fr\\\/#\\\/schema\\\/person\\\/4107ac8b417c76c6f980c8568ab95c60\",\"name\":\"Paulina\",\"image\":{\"@type\":\"ImageObject\",\"inLanguage\":\"fr-FR\",\"@id\":\"https:\\\/\\\/secure.gravatar.com\\\/avatar\\\/f38fe54463ddc469991f7626c9676fe16e79e7fbd99f5dd4953b9526f98bc6e8?s=96&d=mm&r=g\",\"url\":\"https:\\\/\\\/secure.gravatar.com\\\/avatar\\\/f38fe54463ddc469991f7626c9676fe16e79e7fbd99f5dd4953b9526f98bc6e8?s=96&d=mm&r=g\",\"contentUrl\":\"https:\\\/\\\/secure.gravatar.com\\\/avatar\\\/f38fe54463ddc469991f7626c9676fe16e79e7fbd99f5dd4953b9526f98bc6e8?s=96&d=mm&r=g\",\"caption\":\"Paulina\"},\"url\":\"https:\\\/\\\/www.hiil.org\\\/fr\\\/author\\\/paulina\\\/\"}]}<\/script>\n<!-- \/ Yoast SEO plugin. -->","yoast_head_json":{"title":"First of the Innovating Justice Challenge Regional Finals has started in Johannesburg ! - HiiL","robots":{"index":"index","follow":"follow","max-snippet":"max-snippet:-1","max-image-preview":"max-image-preview:large","max-video-preview":"max-video-preview:-1"},"canonical":"https:\/\/www.hiil.org\/fr\/events\/first-of-the-innovating-justice-challenge-regional-finals-has-started-in-johannesburg\/","og_locale":"fr_FR","og_type":"article","og_title":"First of the Innovating Justice Challenge Regional Finals has started in Johannesburg ! - HiiL","og_description":"And we\u2019re off! The first of seven Regional Finals of the Innovating Justice Challenges has begun in Johannesburg today. The selected innovators will receive a training today so they can further prepare for the pitch competition of tomorrow. It will be a tough competition because the level of all the innovators is extremely high! The [&hellip;]","og_url":"https:\/\/www.hiil.org\/fr\/events\/first-of-the-innovating-justice-challenge-regional-finals-has-started-in-johannesburg\/","og_site_name":"HiiL","article_publisher":"https:\/\/www.facebook.com\/UserFriendlyJustice\/","article_published_time":"2018-09-03T15:14:38+00:00","article_modified_time":"2019-03-19T15:17:26+00:00","og_image":[{"width":640,"height":300,"url":"https:\/\/www.hiil.org\/wp-content\/uploads\/2019\/03\/ijchjoburg1.jpg","type":"image\/jpeg"}],"author":"Paulina","twitter_card":"summary_large_image","twitter_creator":"@InnoJustice","twitter_site":"@InnoJustice","twitter_misc":{"\u00c9crit par":"Paulina","Dur\u00e9e de lecture estim\u00e9e":"2 minutes"},"schema":{"@context":"https:\/\/schema.org","@graph":[{"@type":"Article","@id":"https:\/\/www.hiil.org\/fr\/events\/first-of-the-innovating-justice-challenge-regional-finals-has-started-in-johannesburg\/#article","isPartOf":{"@id":"https:\/\/www.hiil.org\/fr\/events\/first-of-the-innovating-justice-challenge-regional-finals-has-started-in-johannesburg\/"},"author":{"name":"Paulina","@id":"https:\/\/www.hiil.org\/fr\/#\/schema\/person\/4107ac8b417c76c6f980c8568ab95c60"},"headline":"First of the Innovating Justice Challenge Regional Finals has started in Johannesburg !","datePublished":"2018-09-03T15:14:38+00:00","dateModified":"2019-03-19T15:17:26+00:00","mainEntityOfPage":{"@id":"https:\/\/www.hiil.org\/fr\/events\/first-of-the-innovating-justice-challenge-regional-finals-has-started-in-johannesburg\/"},"wordCount":371,"publisher":{"@id":"https:\/\/www.hiil.org\/fr\/#organization"},"image":{"@id":"https:\/\/www.hiil.org\/fr\/events\/first-of-the-innovating-justice-challenge-regional-finals-has-started-in-johannesburg\/#primaryimage"},"thumbnailUrl":"https:\/\/www.hiil.org\/wp-content\/uploads\/2019\/03\/ijchjoburg1.jpg","articleSection":["Events"],"inLanguage":"fr-FR"},{"@type":"WebPage","@id":"https:\/\/www.hiil.org\/fr\/events\/first-of-the-innovating-justice-challenge-regional-finals-has-started-in-johannesburg\/","url":"https:\/\/www.hiil.org\/fr\/events\/first-of-the-innovating-justice-challenge-regional-finals-has-started-in-johannesburg\/","name":"First of the Innovating Justice Challenge Regional Finals has started in Johannesburg ! - HiiL","isPartOf":{"@id":"https:\/\/www.hiil.org\/fr\/#website"},"primaryImageOfPage":{"@id":"https:\/\/www.hiil.org\/fr\/events\/first-of-the-innovating-justice-challenge-regional-finals-has-started-in-johannesburg\/#primaryimage"},"image":{"@id":"https:\/\/www.hiil.org\/fr\/events\/first-of-the-innovating-justice-challenge-regional-finals-has-started-in-johannesburg\/#primaryimage"},"thumbnailUrl":"https:\/\/www.hiil.org\/wp-content\/uploads\/2019\/03\/ijchjoburg1.jpg","datePublished":"2018-09-03T15:14:38+00:00","dateModified":"2019-03-19T15:17:26+00:00","breadcrumb":{"@id":"https:\/\/www.hiil.org\/fr\/events\/first-of-the-innovating-justice-challenge-regional-finals-has-started-in-johannesburg\/#breadcrumb"},"inLanguage":"fr-FR","potentialAction":[{"@type":"ReadAction","target":["https:\/\/www.hiil.org\/fr\/events\/first-of-the-innovating-justice-challenge-regional-finals-has-started-in-johannesburg\/"]}]},{"@type":"ImageObject","inLanguage":"fr-FR","@id":"https:\/\/www.hiil.org\/fr\/events\/first-of-the-innovating-justice-challenge-regional-finals-has-started-in-johannesburg\/#primaryimage","url":"https:\/\/www.hiil.org\/wp-content\/uploads\/2019\/03\/ijchjoburg1.jpg","contentUrl":"https:\/\/www.hiil.org\/wp-content\/uploads\/2019\/03\/ijchjoburg1.jpg","width":640,"height":300},{"@type":"BreadcrumbList","@id":"https:\/\/www.hiil.org\/fr\/events\/first-of-the-innovating-justice-challenge-regional-finals-has-started-in-johannesburg\/#breadcrumb","itemListElement":[{"@type":"ListItem","position":1,"name":"Home","item":"https:\/\/www.hiil.org\/fr\/"},{"@type":"ListItem","position":2,"name":"First of the Innovating Justice Challenge Regional Finals has started in Johannesburg !"}]},{"@type":"WebSite","@id":"https:\/\/www.hiil.org\/fr\/#website","url":"https:\/\/www.hiil.org\/fr\/","name":"HiiL","description":"Pour une justice ax\u00e9e sur les personnes","publisher":{"@id":"https:\/\/www.hiil.org\/fr\/#organization"},"potentialAction":[{"@type":"SearchAction","target":{"@type":"EntryPoint","urlTemplate":"https:\/\/www.hiil.org\/fr\/?s={search_term_string}"},"query-input":{"@type":"PropertyValueSpecification","valueRequired":true,"valueName":"search_term_string"}}],"inLanguage":"fr-FR"},{"@type":"Organization","@id":"https:\/\/www.hiil.org\/fr\/#organization","name":"HiiL","url":"https:\/\/www.hiil.org\/fr\/","logo":{"@type":"ImageObject","inLanguage":"fr-FR","@id":"https:\/\/www.hiil.org\/fr\/#\/schema\/logo\/image\/","url":"https:\/\/www.hiil.org\/wp-content\/uploads\/2018\/06\/temp_logo-e1528749988588.png","contentUrl":"https:\/\/www.hiil.org\/wp-content\/uploads\/2018\/06\/temp_logo-e1528749988588.png","width":112,"height":67,"caption":"HiiL"},"image":{"@id":"https:\/\/www.hiil.org\/fr\/#\/schema\/logo\/image\/"},"sameAs":["https:\/\/www.facebook.com\/UserFriendlyJustice\/","https:\/\/x.com\/InnoJustice","https:\/\/www.instagram.com\/userfriendlyjustice\/","https:\/\/www.linkedin.com\/company\/hiil-hague-institute-for-internationalisation-of-law\/"]},{"@type":"Person","@id":"https:\/\/www.hiil.org\/fr\/#\/schema\/person\/4107ac8b417c76c6f980c8568ab95c60","name":"Paulina","image":{"@type":"ImageObject","inLanguage":"fr-FR","@id":"https:\/\/secure.gravatar.com\/avatar\/f38fe54463ddc469991f7626c9676fe16e79e7fbd99f5dd4953b9526f98bc6e8?s=96&d=mm&r=g","url":"https:\/\/secure.gravatar.com\/avatar\/f38fe54463ddc469991f7626c9676fe16e79e7fbd99f5dd4953b9526f98bc6e8?s=96&d=mm&r=g","contentUrl":"https:\/\/secure.gravatar.com\/avatar\/f38fe54463ddc469991f7626c9676fe16e79e7fbd99f5dd4953b9526f98bc6e8?s=96&d=mm&r=g","caption":"Paulina"},"url":"https:\/\/www.hiil.org\/fr\/author\/paulina\/"}]}},"_links":{"self":[{"href":"https:\/\/www.hiil.org\/fr\/wp-json\/wp\/v2\/posts\/4296","targetHints":{"allow":["GET"]}}],"collection":[{"href":"https:\/\/www.hiil.org\/fr\/wp-json\/wp\/v2\/posts"}],"about":[{"href":"https:\/\/www.hiil.org\/fr\/wp-json\/wp\/v2\/types\/post"}],"author":[{"embeddable":true,"href":"https:\/\/www.hiil.org\/fr\/wp-json\/wp\/v2\/users\/3"}],"replies":[{"embeddable":true,"href":"https:\/\/www.hiil.org\/fr\/wp-json\/wp\/v2\/comments?post=4296"}],"version-history":[{"count":1,"href":"https:\/\/www.hiil.org\/fr\/wp-json\/wp\/v2\/posts\/4296\/revisions"}],"predecessor-version":[{"id":4299,"href":"https:\/\/www.hiil.org\/fr\/wp-json\/wp\/v2\/posts\/4296\/revisions\/4299"}],"wp:featuredmedia":[{"embeddable":true,"href":"https:\/\/www.hiil.org\/fr\/wp-json\/wp\/v2\/media\/4297"}],"wp:attachment":[{"href":"https:\/\/www.hiil.org\/fr\/wp-json\/wp\/v2\/media?parent=4296"}],"wp:term":[{"taxonomy":"category","embeddable":true,"href":"https:\/\/www.hiil.org\/fr\/wp-json\/wp\/v2\/categories?post=4296"},{"taxonomy":"post_tag","embeddable":true,"href":"https:\/\/www.hiil.org\/fr\/wp-json\/wp\/v2\/tags?post=4296"}],"curies":[{"name":"wp","href":"https:\/\/api.w.org\/{rel}","templated":true}]}}