{"id":3285,"date":"2018-12-10T13:56:38","date_gmt":"2018-12-10T13:56:38","guid":{"rendered":"https:\/\/www.hiil.org\/?p=3285"},"modified":"2018-12-20T15:01:54","modified_gmt":"2018-12-20T15:01:54","slug":"9th-annual-innovating-justice-forum","status":"publish","type":"post","link":"https:\/\/www.hiil.org\/fr\/events\/9th-annual-innovating-justice-forum\/","title":{"rendered":"9th Annual Innovating Justice Forum"},"content":{"rendered":"<p dir=\"ltr\" style=\"text-align: center\"><a role=\"button\" href=\"https:\/\/innovatingjusticeforum.com\/\">Go to the Innovating Justice Forum website<\/a><\/p>\n<p>&nbsp;<\/p>\n<p>The Forum will take place in the Peace Palace in The Hague, on 6 February 2019.<\/p>\n<p dir=\"ltr\">This year\u2019s Forum is connected to a meeting of the international Justice Task Force, part of a wider initiative called&nbsp;<a href=\"https:\/\/cic.nyu.edu\/sites\/default\/files\/sdg16_roadmap_en_20sep17.pdf\" target=\"_blank\" rel=\"noopener\">Pathfinders for Peaceful, Just, and Inclusive Societies<\/a>. The Task Force works to encourage an acceleration in the provision of justice to people and communities outside the protection of the law, in line with SDG16.3 and related targets on justice. It is co-chaired by H.E. Germ\u00e1n Garavano, Minister of Justice and Human Rights, Argentina; H.E. Sigrid Kaag, Minister for Foreign Trade and Development Cooperation of the Kingdom of the Netherlands; and Ms. Hina Jilani of the Elders and the Minister of Justice and Attorney-General of Sierra Leone, Dr. Priscilla Schwartz.<\/p>\n<p dir=\"ltr\">This year, the Forum will focus on the theme:&nbsp;<em>\u201cFrom Justice Innovation to Scale\u201d.&nbsp;<\/em><strong>How do we get data, innovation, and funding to some together in a real transition that produces user friendly justice at scale?&nbsp;&nbsp;<\/strong><\/p>\n<p dir=\"ltr\">We invite this year&rsquo;s best justice innovations from across the world to showcase and learn from these amazing initiatives. The Forum also aims to be a platform for justice leadership conversations around the challenge of scale.<\/p>\n<p dir=\"ltr\">Tickets are on&nbsp;<a href=\"https:\/\/www.eventbrite.co.uk\/e\/innovating-justice-forum-2019-tickets-50399850309\" target=\"_blank\" rel=\"noopener\">sale<\/a>&nbsp;now! Last year&rsquo;s Forum was sold out so make sure to reserve your space. Share your ideas on justice innovation with us. A provisional programme will be posted online on our website very shortly.<\/p>\n<p dir=\"ltr\">For more information about the Forum, keep a close look at our&nbsp;<a href=\"https:\/\/innovatingjusticeforum.com\/\" target=\"_blank\" rel=\"noopener\">website<\/a>,&nbsp;<a href=\"https:\/\/twitter.com\/InnoJustice\" target=\"_blank\" rel=\"noopener\">Twitter<\/a>, and&nbsp;<a href=\"https:\/\/www.facebook.com\/UserFriendlyJustice\/\" target=\"_blank\" rel=\"noopener\">Facebook<\/a>, where we will post regular updates. Should you have more nagging questions, do not hesitate to send us an email. We are here and we cannot wait to welcome you at the Innovating Justice Forum 2019.<\/p>\n","protected":false},"excerpt":{"rendered":"<p>Go to the Innovating Justice Forum website &nbsp; The Forum will take place in the Peace Palace in The Hague, on 6 February 2019. This year\u2019s Forum is connected to a meeting of the international Justice Task Force, part of a wider initiative called&nbsp;Pathfinders for Peaceful, Just, and Inclusive Societies. The Task Force works to [&hellip;]<\/p>\n","protected":false},"author":3,"featured_media":3330,"comment_status":"closed","ping_status":"open","sticky":false,"template":"","format":"standard","meta":{"_acf_changed":false,"footnotes":""},"categories":[1],"tags":[73],"class_list":["post-3285","post","type-post","status-publish","format-standard","has-post-thumbnail","hentry","category-events","tag-innovating-justice-forum"],"acf":[],"yoast_head":"<!-- This site is optimized with the Yoast SEO plugin v27.3 - https:\/\/yoast.com\/product\/yoast-seo-wordpress\/ -->\n<title>9th Annual Innovating Justice Forum - HiiL<\/title>\n<meta name=\"robots\" content=\"index, follow, max-snippet:-1, max-image-preview:large, max-video-preview:-1\" \/>\n<link rel=\"canonical\" href=\"https:\/\/www.hiil.org\/fr\/events\/9th-annual-innovating-justice-forum\/\" \/>\n<meta property=\"og:locale\" content=\"fr_FR\" \/>\n<meta property=\"og:type\" content=\"article\" \/>\n<meta property=\"og:title\" content=\"9th Annual Innovating Justice Forum - HiiL\" \/>\n<meta property=\"og:description\" content=\"Go to the Innovating Justice Forum website &nbsp; The Forum will take place in the Peace Palace in The Hague, on 6 February 2019. This year\u2019s Forum is connected to a meeting of the international Justice Task Force, part of a wider initiative called&nbsp;Pathfinders for Peaceful, Just, and Inclusive Societies. The Task Force works to [&hellip;]\" \/>\n<meta property=\"og:url\" content=\"https:\/\/www.hiil.org\/fr\/events\/9th-annual-innovating-justice-forum\/\" \/>\n<meta property=\"og:site_name\" content=\"HiiL\" \/>\n<meta property=\"article:publisher\" content=\"https:\/\/www.facebook.com\/UserFriendlyJustice\/\" \/>\n<meta property=\"article:published_time\" content=\"2018-12-10T13:56:38+00:00\" \/>\n<meta property=\"article:modified_time\" content=\"2018-12-20T15:01:54+00:00\" \/>\n<meta property=\"og:image\" content=\"https:\/\/www.hiil.org\/wp-content\/uploads\/2018\/10\/forum-event.jpg\" \/>\n\t<meta property=\"og:image:width\" content=\"640\" \/>\n\t<meta property=\"og:image:height\" content=\"300\" \/>\n\t<meta property=\"og:image:type\" content=\"image\/jpeg\" \/>\n<meta name=\"author\" content=\"Paulina\" \/>\n<meta name=\"twitter:card\" content=\"summary_large_image\" \/>\n<meta name=\"twitter:creator\" content=\"@InnoJustice\" \/>\n<meta name=\"twitter:site\" content=\"@InnoJustice\" \/>\n<meta name=\"twitter:label1\" content=\"\u00c9crit par\" \/>\n\t<meta name=\"twitter:data1\" content=\"Paulina\" \/>\n\t<meta name=\"twitter:label2\" content=\"Dur\u00e9e de lecture estim\u00e9e\" \/>\n\t<meta name=\"twitter:data2\" content=\"2 minutes\" \/>\n<script type=\"application\/ld+json\" class=\"yoast-schema-graph\">{\"@context\":\"https:\\\/\\\/schema.org\",\"@graph\":[{\"@type\":\"Article\",\"@id\":\"https:\\\/\\\/www.hiil.org\\\/fr\\\/events\\\/9th-annual-innovating-justice-forum\\\/#article\",\"isPartOf\":{\"@id\":\"https:\\\/\\\/www.hiil.org\\\/fr\\\/events\\\/9th-annual-innovating-justice-forum\\\/\"},\"author\":{\"name\":\"Paulina\",\"@id\":\"https:\\\/\\\/www.hiil.org\\\/fr\\\/#\\\/schema\\\/person\\\/4107ac8b417c76c6f980c8568ab95c60\"},\"headline\":\"9th Annual Innovating Justice Forum\",\"datePublished\":\"2018-12-10T13:56:38+00:00\",\"dateModified\":\"2018-12-20T15:01:54+00:00\",\"mainEntityOfPage\":{\"@id\":\"https:\\\/\\\/www.hiil.org\\\/fr\\\/events\\\/9th-annual-innovating-justice-forum\\\/\"},\"wordCount\":313,\"publisher\":{\"@id\":\"https:\\\/\\\/www.hiil.org\\\/fr\\\/#organization\"},\"image\":{\"@id\":\"https:\\\/\\\/www.hiil.org\\\/fr\\\/events\\\/9th-annual-innovating-justice-forum\\\/#primaryimage\"},\"thumbnailUrl\":\"https:\\\/\\\/www.hiil.org\\\/wp-content\\\/uploads\\\/2018\\\/10\\\/forum-event.jpg\",\"keywords\":[\"Innovating Justice Forum\"],\"articleSection\":[\"Events\"],\"inLanguage\":\"fr-FR\"},{\"@type\":\"WebPage\",\"@id\":\"https:\\\/\\\/www.hiil.org\\\/fr\\\/events\\\/9th-annual-innovating-justice-forum\\\/\",\"url\":\"https:\\\/\\\/www.hiil.org\\\/fr\\\/events\\\/9th-annual-innovating-justice-forum\\\/\",\"name\":\"9th Annual Innovating Justice Forum - HiiL\",\"isPartOf\":{\"@id\":\"https:\\\/\\\/www.hiil.org\\\/fr\\\/#website\"},\"primaryImageOfPage\":{\"@id\":\"https:\\\/\\\/www.hiil.org\\\/fr\\\/events\\\/9th-annual-innovating-justice-forum\\\/#primaryimage\"},\"image\":{\"@id\":\"https:\\\/\\\/www.hiil.org\\\/fr\\\/events\\\/9th-annual-innovating-justice-forum\\\/#primaryimage\"},\"thumbnailUrl\":\"https:\\\/\\\/www.hiil.org\\\/wp-content\\\/uploads\\\/2018\\\/10\\\/forum-event.jpg\",\"datePublished\":\"2018-12-10T13:56:38+00:00\",\"dateModified\":\"2018-12-20T15:01:54+00:00\",\"breadcrumb\":{\"@id\":\"https:\\\/\\\/www.hiil.org\\\/fr\\\/events\\\/9th-annual-innovating-justice-forum\\\/#breadcrumb\"},\"inLanguage\":\"fr-FR\",\"potentialAction\":[{\"@type\":\"ReadAction\",\"target\":[\"https:\\\/\\\/www.hiil.org\\\/fr\\\/events\\\/9th-annual-innovating-justice-forum\\\/\"]}]},{\"@type\":\"ImageObject\",\"inLanguage\":\"fr-FR\",\"@id\":\"https:\\\/\\\/www.hiil.org\\\/fr\\\/events\\\/9th-annual-innovating-justice-forum\\\/#primaryimage\",\"url\":\"https:\\\/\\\/www.hiil.org\\\/wp-content\\\/uploads\\\/2018\\\/10\\\/forum-event.jpg\",\"contentUrl\":\"https:\\\/\\\/www.hiil.org\\\/wp-content\\\/uploads\\\/2018\\\/10\\\/forum-event.jpg\",\"width\":640,\"height\":300},{\"@type\":\"BreadcrumbList\",\"@id\":\"https:\\\/\\\/www.hiil.org\\\/fr\\\/events\\\/9th-annual-innovating-justice-forum\\\/#breadcrumb\",\"itemListElement\":[{\"@type\":\"ListItem\",\"position\":1,\"name\":\"Home\",\"item\":\"https:\\\/\\\/www.hiil.org\\\/fr\\\/\"},{\"@type\":\"ListItem\",\"position\":2,\"name\":\"9th Annual Innovating Justice Forum\"}]},{\"@type\":\"WebSite\",\"@id\":\"https:\\\/\\\/www.hiil.org\\\/fr\\\/#website\",\"url\":\"https:\\\/\\\/www.hiil.org\\\/fr\\\/\",\"name\":\"HiiL\",\"description\":\"Pour une justice ax\u00e9e sur les personnes\",\"publisher\":{\"@id\":\"https:\\\/\\\/www.hiil.org\\\/fr\\\/#organization\"},\"potentialAction\":[{\"@type\":\"SearchAction\",\"target\":{\"@type\":\"EntryPoint\",\"urlTemplate\":\"https:\\\/\\\/www.hiil.org\\\/fr\\\/?s={search_term_string}\"},\"query-input\":{\"@type\":\"PropertyValueSpecification\",\"valueRequired\":true,\"valueName\":\"search_term_string\"}}],\"inLanguage\":\"fr-FR\"},{\"@type\":\"Organization\",\"@id\":\"https:\\\/\\\/www.hiil.org\\\/fr\\\/#organization\",\"name\":\"HiiL\",\"url\":\"https:\\\/\\\/www.hiil.org\\\/fr\\\/\",\"logo\":{\"@type\":\"ImageObject\",\"inLanguage\":\"fr-FR\",\"@id\":\"https:\\\/\\\/www.hiil.org\\\/fr\\\/#\\\/schema\\\/logo\\\/image\\\/\",\"url\":\"https:\\\/\\\/www.hiil.org\\\/wp-content\\\/uploads\\\/2018\\\/06\\\/temp_logo-e1528749988588.png\",\"contentUrl\":\"https:\\\/\\\/www.hiil.org\\\/wp-content\\\/uploads\\\/2018\\\/06\\\/temp_logo-e1528749988588.png\",\"width\":112,\"height\":67,\"caption\":\"HiiL\"},\"image\":{\"@id\":\"https:\\\/\\\/www.hiil.org\\\/fr\\\/#\\\/schema\\\/logo\\\/image\\\/\"},\"sameAs\":[\"https:\\\/\\\/www.facebook.com\\\/UserFriendlyJustice\\\/\",\"https:\\\/\\\/x.com\\\/InnoJustice\",\"https:\\\/\\\/www.instagram.com\\\/userfriendlyjustice\\\/\",\"https:\\\/\\\/www.linkedin.com\\\/company\\\/hiil-hague-institute-for-internationalisation-of-law\\\/\"]},{\"@type\":\"Person\",\"@id\":\"https:\\\/\\\/www.hiil.org\\\/fr\\\/#\\\/schema\\\/person\\\/4107ac8b417c76c6f980c8568ab95c60\",\"name\":\"Paulina\",\"image\":{\"@type\":\"ImageObject\",\"inLanguage\":\"fr-FR\",\"@id\":\"https:\\\/\\\/secure.gravatar.com\\\/avatar\\\/f38fe54463ddc469991f7626c9676fe16e79e7fbd99f5dd4953b9526f98bc6e8?s=96&d=mm&r=g\",\"url\":\"https:\\\/\\\/secure.gravatar.com\\\/avatar\\\/f38fe54463ddc469991f7626c9676fe16e79e7fbd99f5dd4953b9526f98bc6e8?s=96&d=mm&r=g\",\"contentUrl\":\"https:\\\/\\\/secure.gravatar.com\\\/avatar\\\/f38fe54463ddc469991f7626c9676fe16e79e7fbd99f5dd4953b9526f98bc6e8?s=96&d=mm&r=g\",\"caption\":\"Paulina\"},\"url\":\"https:\\\/\\\/www.hiil.org\\\/fr\\\/author\\\/paulina\\\/\"}]}<\/script>\n<!-- \/ Yoast SEO plugin. -->","yoast_head_json":{"title":"9th Annual Innovating Justice Forum - HiiL","robots":{"index":"index","follow":"follow","max-snippet":"max-snippet:-1","max-image-preview":"max-image-preview:large","max-video-preview":"max-video-preview:-1"},"canonical":"https:\/\/www.hiil.org\/fr\/events\/9th-annual-innovating-justice-forum\/","og_locale":"fr_FR","og_type":"article","og_title":"9th Annual Innovating Justice Forum - HiiL","og_description":"Go to the Innovating Justice Forum website &nbsp; The Forum will take place in the Peace Palace in The Hague, on 6 February 2019. This year\u2019s Forum is connected to a meeting of the international Justice Task Force, part of a wider initiative called&nbsp;Pathfinders for Peaceful, Just, and Inclusive Societies. The Task Force works to [&hellip;]","og_url":"https:\/\/www.hiil.org\/fr\/events\/9th-annual-innovating-justice-forum\/","og_site_name":"HiiL","article_publisher":"https:\/\/www.facebook.com\/UserFriendlyJustice\/","article_published_time":"2018-12-10T13:56:38+00:00","article_modified_time":"2018-12-20T15:01:54+00:00","og_image":[{"width":640,"height":300,"url":"https:\/\/www.hiil.org\/wp-content\/uploads\/2018\/10\/forum-event.jpg","type":"image\/jpeg"}],"author":"Paulina","twitter_card":"summary_large_image","twitter_creator":"@InnoJustice","twitter_site":"@InnoJustice","twitter_misc":{"\u00c9crit par":"Paulina","Dur\u00e9e de lecture estim\u00e9e":"2 minutes"},"schema":{"@context":"https:\/\/schema.org","@graph":[{"@type":"Article","@id":"https:\/\/www.hiil.org\/fr\/events\/9th-annual-innovating-justice-forum\/#article","isPartOf":{"@id":"https:\/\/www.hiil.org\/fr\/events\/9th-annual-innovating-justice-forum\/"},"author":{"name":"Paulina","@id":"https:\/\/www.hiil.org\/fr\/#\/schema\/person\/4107ac8b417c76c6f980c8568ab95c60"},"headline":"9th Annual Innovating Justice Forum","datePublished":"2018-12-10T13:56:38+00:00","dateModified":"2018-12-20T15:01:54+00:00","mainEntityOfPage":{"@id":"https:\/\/www.hiil.org\/fr\/events\/9th-annual-innovating-justice-forum\/"},"wordCount":313,"publisher":{"@id":"https:\/\/www.hiil.org\/fr\/#organization"},"image":{"@id":"https:\/\/www.hiil.org\/fr\/events\/9th-annual-innovating-justice-forum\/#primaryimage"},"thumbnailUrl":"https:\/\/www.hiil.org\/wp-content\/uploads\/2018\/10\/forum-event.jpg","keywords":["Innovating Justice Forum"],"articleSection":["Events"],"inLanguage":"fr-FR"},{"@type":"WebPage","@id":"https:\/\/www.hiil.org\/fr\/events\/9th-annual-innovating-justice-forum\/","url":"https:\/\/www.hiil.org\/fr\/events\/9th-annual-innovating-justice-forum\/","name":"9th Annual Innovating Justice Forum - HiiL","isPartOf":{"@id":"https:\/\/www.hiil.org\/fr\/#website"},"primaryImageOfPage":{"@id":"https:\/\/www.hiil.org\/fr\/events\/9th-annual-innovating-justice-forum\/#primaryimage"},"image":{"@id":"https:\/\/www.hiil.org\/fr\/events\/9th-annual-innovating-justice-forum\/#primaryimage"},"thumbnailUrl":"https:\/\/www.hiil.org\/wp-content\/uploads\/2018\/10\/forum-event.jpg","datePublished":"2018-12-10T13:56:38+00:00","dateModified":"2018-12-20T15:01:54+00:00","breadcrumb":{"@id":"https:\/\/www.hiil.org\/fr\/events\/9th-annual-innovating-justice-forum\/#breadcrumb"},"inLanguage":"fr-FR","potentialAction":[{"@type":"ReadAction","target":["https:\/\/www.hiil.org\/fr\/events\/9th-annual-innovating-justice-forum\/"]}]},{"@type":"ImageObject","inLanguage":"fr-FR","@id":"https:\/\/www.hiil.org\/fr\/events\/9th-annual-innovating-justice-forum\/#primaryimage","url":"https:\/\/www.hiil.org\/wp-content\/uploads\/2018\/10\/forum-event.jpg","contentUrl":"https:\/\/www.hiil.org\/wp-content\/uploads\/2018\/10\/forum-event.jpg","width":640,"height":300},{"@type":"BreadcrumbList","@id":"https:\/\/www.hiil.org\/fr\/events\/9th-annual-innovating-justice-forum\/#breadcrumb","itemListElement":[{"@type":"ListItem","position":1,"name":"Home","item":"https:\/\/www.hiil.org\/fr\/"},{"@type":"ListItem","position":2,"name":"9th Annual Innovating Justice Forum"}]},{"@type":"WebSite","@id":"https:\/\/www.hiil.org\/fr\/#website","url":"https:\/\/www.hiil.org\/fr\/","name":"HiiL","description":"Pour une justice ax\u00e9e sur les personnes","publisher":{"@id":"https:\/\/www.hiil.org\/fr\/#organization"},"potentialAction":[{"@type":"SearchAction","target":{"@type":"EntryPoint","urlTemplate":"https:\/\/www.hiil.org\/fr\/?s={search_term_string}"},"query-input":{"@type":"PropertyValueSpecification","valueRequired":true,"valueName":"search_term_string"}}],"inLanguage":"fr-FR"},{"@type":"Organization","@id":"https:\/\/www.hiil.org\/fr\/#organization","name":"HiiL","url":"https:\/\/www.hiil.org\/fr\/","logo":{"@type":"ImageObject","inLanguage":"fr-FR","@id":"https:\/\/www.hiil.org\/fr\/#\/schema\/logo\/image\/","url":"https:\/\/www.hiil.org\/wp-content\/uploads\/2018\/06\/temp_logo-e1528749988588.png","contentUrl":"https:\/\/www.hiil.org\/wp-content\/uploads\/2018\/06\/temp_logo-e1528749988588.png","width":112,"height":67,"caption":"HiiL"},"image":{"@id":"https:\/\/www.hiil.org\/fr\/#\/schema\/logo\/image\/"},"sameAs":["https:\/\/www.facebook.com\/UserFriendlyJustice\/","https:\/\/x.com\/InnoJustice","https:\/\/www.instagram.com\/userfriendlyjustice\/","https:\/\/www.linkedin.com\/company\/hiil-hague-institute-for-internationalisation-of-law\/"]},{"@type":"Person","@id":"https:\/\/www.hiil.org\/fr\/#\/schema\/person\/4107ac8b417c76c6f980c8568ab95c60","name":"Paulina","image":{"@type":"ImageObject","inLanguage":"fr-FR","@id":"https:\/\/secure.gravatar.com\/avatar\/f38fe54463ddc469991f7626c9676fe16e79e7fbd99f5dd4953b9526f98bc6e8?s=96&d=mm&r=g","url":"https:\/\/secure.gravatar.com\/avatar\/f38fe54463ddc469991f7626c9676fe16e79e7fbd99f5dd4953b9526f98bc6e8?s=96&d=mm&r=g","contentUrl":"https:\/\/secure.gravatar.com\/avatar\/f38fe54463ddc469991f7626c9676fe16e79e7fbd99f5dd4953b9526f98bc6e8?s=96&d=mm&r=g","caption":"Paulina"},"url":"https:\/\/www.hiil.org\/fr\/author\/paulina\/"}]}},"_links":{"self":[{"href":"https:\/\/www.hiil.org\/fr\/wp-json\/wp\/v2\/posts\/3285","targetHints":{"allow":["GET"]}}],"collection":[{"href":"https:\/\/www.hiil.org\/fr\/wp-json\/wp\/v2\/posts"}],"about":[{"href":"https:\/\/www.hiil.org\/fr\/wp-json\/wp\/v2\/types\/post"}],"author":[{"embeddable":true,"href":"https:\/\/www.hiil.org\/fr\/wp-json\/wp\/v2\/users\/3"}],"replies":[{"embeddable":true,"href":"https:\/\/www.hiil.org\/fr\/wp-json\/wp\/v2\/comments?post=3285"}],"version-history":[{"count":9,"href":"https:\/\/www.hiil.org\/fr\/wp-json\/wp\/v2\/posts\/3285\/revisions"}],"predecessor-version":[{"id":3815,"href":"https:\/\/www.hiil.org\/fr\/wp-json\/wp\/v2\/posts\/3285\/revisions\/3815"}],"wp:featuredmedia":[{"embeddable":true,"href":"https:\/\/www.hiil.org\/fr\/wp-json\/wp\/v2\/media\/3330"}],"wp:attachment":[{"href":"https:\/\/www.hiil.org\/fr\/wp-json\/wp\/v2\/media?parent=3285"}],"wp:term":[{"taxonomy":"category","embeddable":true,"href":"https:\/\/www.hiil.org\/fr\/wp-json\/wp\/v2\/categories?post=3285"},{"taxonomy":"post_tag","embeddable":true,"href":"https:\/\/www.hiil.org\/fr\/wp-json\/wp\/v2\/tags?post=3285"}],"curies":[{"name":"wp","href":"https:\/\/api.w.org\/{rel}","templated":true}]}}