{"id":2984,"date":"2018-05-16T12:16:11","date_gmt":"2018-05-16T12:16:11","guid":{"rendered":"https:\/\/www.hiil.org\/?p=2984"},"modified":"2018-09-13T12:19:18","modified_gmt":"2018-09-13T12:19:18","slug":"access-to-justice-in-bangladesh-challenges-and-the-potential-for-regional-leadership-2","status":"publish","type":"post","link":"https:\/\/www.hiil.org\/fr\/news\/access-to-justice-in-bangladesh-challenges-and-the-potential-for-regional-leadership-2\/","title":{"rendered":"Access to justice in Bangladesh \u2013 Challenges and the potential for regional leadership"},"content":{"rendered":"<p>On Wednesday the 9th of May 2018, HiiL, in close cooperation with BRAC Human Rights and Legal Aid Services, launched its \u2018Justice Needs and Satisfaction in Bangladesh\u2019\u00a0<a href=\"\/projects\/justice-needs-and-satisfaction-in-bangladesh\/\" target=\"_blank\" rel=\"noopener\">report<\/a>. The event was broadly attended by active members of civil society and generously chaired by the chairman of the National Human Rights Commission, Mr. Kazi Reazul Hoque. The report pinpoints areas of improvement for access to justice in Bangladesh and can serve as a benchmark for policy makers.<\/p>\n<p>The report is the result of approximately one year of diligent work in the country. 60% of all legal problems can be traced to three main areas, namely land disputes, neighbour conflicts and crime. Setting these three categories of legal problems as priority areas for policy development stands to improve the lives of millions of Bangladeshis.<\/p>\n<p><a href=\"https:\/\/www.hiil.org\/wp-content\/uploads\/2018\/09\/launch1.jpeg\"><img fetchpriority=\"high\" decoding=\"async\" class=\"size-full wp-image-2986\" src=\"https:\/\/www.hiil.org\/wp-content\/uploads\/2018\/09\/launch1.jpeg\" alt=\"Legal issues\" width=\"686\" height=\"462\" srcset=\"https:\/\/www.hiil.org\/wp-content\/uploads\/2018\/09\/launch1.jpeg 686w, https:\/\/www.hiil.org\/wp-content\/uploads\/2018\/09\/launch1-300x202.jpeg 300w\" sizes=\"(max-width: 686px) 100vw, 686px\" \/><\/a><\/p>\n<p>Equal access to justice for all and, especially, what is stipulated in SDG 16 are recognized by all as critical parts of a stable and prospering society. In Bangladesh, the potential for innovation is massive, but major hurdles remain. We believe that if the Bangladeshi civil society comes together and pushes for substantial change and continual monitoring of outcomes, access to justice stands to strongly improve in the coming years. The world is watching!Another key area is encouraging people to take action, by increasing awareness of their legal rights and empowering them to look for a solution when faced with a legal problem. We find that roughly half the people do not take any action to resolve their legal dispute, simply because they do not believe the system will help them.<\/p>\n<p>Learn more about HiiL\u2019s findings\u00a0<a href=\"\/projects\/justice-needs-and-satisfaction-in-bangladesh\/\" target=\"_blank\" rel=\"noopener\">here<\/a>.<\/p>\n","protected":false},"excerpt":{"rendered":"<p>On Wednesday the 9th of May 2018, HiiL, in close cooperation with BRAC Human Rights and Legal Aid Services, launched its \u2018Justice Needs and Satisfaction in Bangladesh\u2019\u00a0report. The event was broadly attended by active members of civil society and generously chaired by the chairman of the National Human Rights Commission, Mr. Kazi Reazul Hoque. The [&hellip;]<\/p>\n","protected":false},"author":6,"featured_media":2985,"comment_status":"closed","ping_status":"open","sticky":false,"template":"","format":"standard","meta":{"_acf_changed":false,"footnotes":""},"categories":[4],"tags":[],"class_list":["post-2984","post","type-post","status-publish","format-standard","has-post-thumbnail","hentry","category-news"],"acf":[],"yoast_head":"<!-- This site is optimized with the Yoast SEO plugin v27.3 - https:\/\/yoast.com\/product\/yoast-seo-wordpress\/ -->\n<title>Access to justice in Bangladesh \u2013 Challenges and the potential for regional leadership - HiiL<\/title>\n<meta name=\"robots\" content=\"index, follow, max-snippet:-1, max-image-preview:large, max-video-preview:-1\" \/>\n<link rel=\"canonical\" href=\"https:\/\/www.hiil.org\/fr\/news\/access-to-justice-in-bangladesh-challenges-and-the-potential-for-regional-leadership-2\/\" \/>\n<meta property=\"og:locale\" content=\"fr_FR\" \/>\n<meta property=\"og:type\" content=\"article\" \/>\n<meta property=\"og:title\" content=\"Access to justice in Bangladesh \u2013 Challenges and the potential for regional leadership - HiiL\" \/>\n<meta property=\"og:description\" content=\"On Wednesday the 9th of May 2018, HiiL, in close cooperation with BRAC Human Rights and Legal Aid Services, launched its \u2018Justice Needs and Satisfaction in Bangladesh\u2019\u00a0report. The event was broadly attended by active members of civil society and generously chaired by the chairman of the National Human Rights Commission, Mr. Kazi Reazul Hoque. The [&hellip;]\" \/>\n<meta property=\"og:url\" content=\"https:\/\/www.hiil.org\/fr\/news\/access-to-justice-in-bangladesh-challenges-and-the-potential-for-regional-leadership-2\/\" \/>\n<meta property=\"og:site_name\" content=\"HiiL\" \/>\n<meta property=\"article:publisher\" content=\"https:\/\/www.facebook.com\/UserFriendlyJustice\/\" \/>\n<meta property=\"article:published_time\" content=\"2018-05-16T12:16:11+00:00\" \/>\n<meta property=\"article:modified_time\" content=\"2018-09-13T12:19:18+00:00\" \/>\n<meta property=\"og:image\" content=\"https:\/\/www.hiil.org\/wp-content\/uploads\/2018\/09\/ef940e42bb622972729c83f17377d87d_normal.jpg\" \/>\n\t<meta property=\"og:image:width\" content=\"646\" \/>\n\t<meta property=\"og:image:height\" content=\"300\" \/>\n\t<meta property=\"og:image:type\" content=\"image\/jpeg\" \/>\n<meta name=\"author\" content=\"janvandorth\" \/>\n<meta name=\"twitter:card\" content=\"summary_large_image\" \/>\n<meta name=\"twitter:creator\" content=\"@InnoJustice\" \/>\n<meta name=\"twitter:site\" content=\"@InnoJustice\" \/>\n<meta name=\"twitter:label1\" content=\"\u00c9crit par\" \/>\n\t<meta name=\"twitter:data1\" content=\"janvandorth\" \/>\n\t<meta name=\"twitter:label2\" content=\"Dur\u00e9e de lecture estim\u00e9e\" \/>\n\t<meta name=\"twitter:data2\" content=\"1 minute\" \/>\n<script type=\"application\/ld+json\" class=\"yoast-schema-graph\">{\"@context\":\"https:\\\/\\\/schema.org\",\"@graph\":[{\"@type\":\"Article\",\"@id\":\"https:\\\/\\\/www.hiil.org\\\/fr\\\/news\\\/access-to-justice-in-bangladesh-challenges-and-the-potential-for-regional-leadership-2\\\/#article\",\"isPartOf\":{\"@id\":\"https:\\\/\\\/www.hiil.org\\\/fr\\\/news\\\/access-to-justice-in-bangladesh-challenges-and-the-potential-for-regional-leadership-2\\\/\"},\"author\":{\"name\":\"janvandorth\",\"@id\":\"https:\\\/\\\/www.hiil.org\\\/fr\\\/#\\\/schema\\\/person\\\/745604bced05033abe29d1294e472d64\"},\"headline\":\"Access to justice in Bangladesh \u2013 Challenges and the potential for regional leadership\",\"datePublished\":\"2018-05-16T12:16:11+00:00\",\"dateModified\":\"2018-09-13T12:19:18+00:00\",\"mainEntityOfPage\":{\"@id\":\"https:\\\/\\\/www.hiil.org\\\/fr\\\/news\\\/access-to-justice-in-bangladesh-challenges-and-the-potential-for-regional-leadership-2\\\/\"},\"wordCount\":280,\"publisher\":{\"@id\":\"https:\\\/\\\/www.hiil.org\\\/fr\\\/#organization\"},\"image\":{\"@id\":\"https:\\\/\\\/www.hiil.org\\\/fr\\\/news\\\/access-to-justice-in-bangladesh-challenges-and-the-potential-for-regional-leadership-2\\\/#primaryimage\"},\"thumbnailUrl\":\"https:\\\/\\\/www.hiil.org\\\/wp-content\\\/uploads\\\/2018\\\/09\\\/ef940e42bb622972729c83f17377d87d_normal.jpg\",\"articleSection\":[\"News and Articles\"],\"inLanguage\":\"fr-FR\"},{\"@type\":\"WebPage\",\"@id\":\"https:\\\/\\\/www.hiil.org\\\/fr\\\/news\\\/access-to-justice-in-bangladesh-challenges-and-the-potential-for-regional-leadership-2\\\/\",\"url\":\"https:\\\/\\\/www.hiil.org\\\/fr\\\/news\\\/access-to-justice-in-bangladesh-challenges-and-the-potential-for-regional-leadership-2\\\/\",\"name\":\"Access to justice in Bangladesh \u2013 Challenges and the potential for regional leadership - HiiL\",\"isPartOf\":{\"@id\":\"https:\\\/\\\/www.hiil.org\\\/fr\\\/#website\"},\"primaryImageOfPage\":{\"@id\":\"https:\\\/\\\/www.hiil.org\\\/fr\\\/news\\\/access-to-justice-in-bangladesh-challenges-and-the-potential-for-regional-leadership-2\\\/#primaryimage\"},\"image\":{\"@id\":\"https:\\\/\\\/www.hiil.org\\\/fr\\\/news\\\/access-to-justice-in-bangladesh-challenges-and-the-potential-for-regional-leadership-2\\\/#primaryimage\"},\"thumbnailUrl\":\"https:\\\/\\\/www.hiil.org\\\/wp-content\\\/uploads\\\/2018\\\/09\\\/ef940e42bb622972729c83f17377d87d_normal.jpg\",\"datePublished\":\"2018-05-16T12:16:11+00:00\",\"dateModified\":\"2018-09-13T12:19:18+00:00\",\"breadcrumb\":{\"@id\":\"https:\\\/\\\/www.hiil.org\\\/fr\\\/news\\\/access-to-justice-in-bangladesh-challenges-and-the-potential-for-regional-leadership-2\\\/#breadcrumb\"},\"inLanguage\":\"fr-FR\",\"potentialAction\":[{\"@type\":\"ReadAction\",\"target\":[\"https:\\\/\\\/www.hiil.org\\\/fr\\\/news\\\/access-to-justice-in-bangladesh-challenges-and-the-potential-for-regional-leadership-2\\\/\"]}]},{\"@type\":\"ImageObject\",\"inLanguage\":\"fr-FR\",\"@id\":\"https:\\\/\\\/www.hiil.org\\\/fr\\\/news\\\/access-to-justice-in-bangladesh-challenges-and-the-potential-for-regional-leadership-2\\\/#primaryimage\",\"url\":\"https:\\\/\\\/www.hiil.org\\\/wp-content\\\/uploads\\\/2018\\\/09\\\/ef940e42bb622972729c83f17377d87d_normal.jpg\",\"contentUrl\":\"https:\\\/\\\/www.hiil.org\\\/wp-content\\\/uploads\\\/2018\\\/09\\\/ef940e42bb622972729c83f17377d87d_normal.jpg\",\"width\":646,\"height\":300,\"caption\":\"Legal issues\"},{\"@type\":\"BreadcrumbList\",\"@id\":\"https:\\\/\\\/www.hiil.org\\\/fr\\\/news\\\/access-to-justice-in-bangladesh-challenges-and-the-potential-for-regional-leadership-2\\\/#breadcrumb\",\"itemListElement\":[{\"@type\":\"ListItem\",\"position\":1,\"name\":\"Home\",\"item\":\"https:\\\/\\\/www.hiil.org\\\/fr\\\/\"},{\"@type\":\"ListItem\",\"position\":2,\"name\":\"Access to justice in Bangladesh \u2013 Challenges and the potential for regional leadership\"}]},{\"@type\":\"WebSite\",\"@id\":\"https:\\\/\\\/www.hiil.org\\\/fr\\\/#website\",\"url\":\"https:\\\/\\\/www.hiil.org\\\/fr\\\/\",\"name\":\"HiiL\",\"description\":\"Pour une justice ax\u00e9e sur les personnes\",\"publisher\":{\"@id\":\"https:\\\/\\\/www.hiil.org\\\/fr\\\/#organization\"},\"potentialAction\":[{\"@type\":\"SearchAction\",\"target\":{\"@type\":\"EntryPoint\",\"urlTemplate\":\"https:\\\/\\\/www.hiil.org\\\/fr\\\/?s={search_term_string}\"},\"query-input\":{\"@type\":\"PropertyValueSpecification\",\"valueRequired\":true,\"valueName\":\"search_term_string\"}}],\"inLanguage\":\"fr-FR\"},{\"@type\":\"Organization\",\"@id\":\"https:\\\/\\\/www.hiil.org\\\/fr\\\/#organization\",\"name\":\"HiiL\",\"url\":\"https:\\\/\\\/www.hiil.org\\\/fr\\\/\",\"logo\":{\"@type\":\"ImageObject\",\"inLanguage\":\"fr-FR\",\"@id\":\"https:\\\/\\\/www.hiil.org\\\/fr\\\/#\\\/schema\\\/logo\\\/image\\\/\",\"url\":\"https:\\\/\\\/www.hiil.org\\\/wp-content\\\/uploads\\\/2018\\\/06\\\/temp_logo-e1528749988588.png\",\"contentUrl\":\"https:\\\/\\\/www.hiil.org\\\/wp-content\\\/uploads\\\/2018\\\/06\\\/temp_logo-e1528749988588.png\",\"width\":112,\"height\":67,\"caption\":\"HiiL\"},\"image\":{\"@id\":\"https:\\\/\\\/www.hiil.org\\\/fr\\\/#\\\/schema\\\/logo\\\/image\\\/\"},\"sameAs\":[\"https:\\\/\\\/www.facebook.com\\\/UserFriendlyJustice\\\/\",\"https:\\\/\\\/x.com\\\/InnoJustice\",\"https:\\\/\\\/www.instagram.com\\\/userfriendlyjustice\\\/\",\"https:\\\/\\\/www.linkedin.com\\\/company\\\/hiil-hague-institute-for-internationalisation-of-law\\\/\"]},{\"@type\":\"Person\",\"@id\":\"https:\\\/\\\/www.hiil.org\\\/fr\\\/#\\\/schema\\\/person\\\/745604bced05033abe29d1294e472d64\",\"name\":\"janvandorth\",\"image\":{\"@type\":\"ImageObject\",\"inLanguage\":\"fr-FR\",\"@id\":\"https:\\\/\\\/secure.gravatar.com\\\/avatar\\\/011a52d01b73486daac4b50a5acc6657325a785fabf26940cfdd8277d373fac7?s=96&d=mm&r=g\",\"url\":\"https:\\\/\\\/secure.gravatar.com\\\/avatar\\\/011a52d01b73486daac4b50a5acc6657325a785fabf26940cfdd8277d373fac7?s=96&d=mm&r=g\",\"contentUrl\":\"https:\\\/\\\/secure.gravatar.com\\\/avatar\\\/011a52d01b73486daac4b50a5acc6657325a785fabf26940cfdd8277d373fac7?s=96&d=mm&r=g\",\"caption\":\"janvandorth\"},\"url\":\"https:\\\/\\\/www.hiil.org\\\/fr\\\/author\\\/janvandorth\\\/\"}]}<\/script>\n<!-- \/ Yoast SEO plugin. -->","yoast_head_json":{"title":"Access to justice in Bangladesh \u2013 Challenges and the potential for regional leadership - HiiL","robots":{"index":"index","follow":"follow","max-snippet":"max-snippet:-1","max-image-preview":"max-image-preview:large","max-video-preview":"max-video-preview:-1"},"canonical":"https:\/\/www.hiil.org\/fr\/news\/access-to-justice-in-bangladesh-challenges-and-the-potential-for-regional-leadership-2\/","og_locale":"fr_FR","og_type":"article","og_title":"Access to justice in Bangladesh \u2013 Challenges and the potential for regional leadership - HiiL","og_description":"On Wednesday the 9th of May 2018, HiiL, in close cooperation with BRAC Human Rights and Legal Aid Services, launched its \u2018Justice Needs and Satisfaction in Bangladesh\u2019\u00a0report. The event was broadly attended by active members of civil society and generously chaired by the chairman of the National Human Rights Commission, Mr. Kazi Reazul Hoque. The [&hellip;]","og_url":"https:\/\/www.hiil.org\/fr\/news\/access-to-justice-in-bangladesh-challenges-and-the-potential-for-regional-leadership-2\/","og_site_name":"HiiL","article_publisher":"https:\/\/www.facebook.com\/UserFriendlyJustice\/","article_published_time":"2018-05-16T12:16:11+00:00","article_modified_time":"2018-09-13T12:19:18+00:00","og_image":[{"width":646,"height":300,"url":"https:\/\/www.hiil.org\/wp-content\/uploads\/2018\/09\/ef940e42bb622972729c83f17377d87d_normal.jpg","type":"image\/jpeg"}],"author":"janvandorth","twitter_card":"summary_large_image","twitter_creator":"@InnoJustice","twitter_site":"@InnoJustice","twitter_misc":{"\u00c9crit par":"janvandorth","Dur\u00e9e de lecture estim\u00e9e":"1 minute"},"schema":{"@context":"https:\/\/schema.org","@graph":[{"@type":"Article","@id":"https:\/\/www.hiil.org\/fr\/news\/access-to-justice-in-bangladesh-challenges-and-the-potential-for-regional-leadership-2\/#article","isPartOf":{"@id":"https:\/\/www.hiil.org\/fr\/news\/access-to-justice-in-bangladesh-challenges-and-the-potential-for-regional-leadership-2\/"},"author":{"name":"janvandorth","@id":"https:\/\/www.hiil.org\/fr\/#\/schema\/person\/745604bced05033abe29d1294e472d64"},"headline":"Access to justice in Bangladesh \u2013 Challenges and the potential for regional leadership","datePublished":"2018-05-16T12:16:11+00:00","dateModified":"2018-09-13T12:19:18+00:00","mainEntityOfPage":{"@id":"https:\/\/www.hiil.org\/fr\/news\/access-to-justice-in-bangladesh-challenges-and-the-potential-for-regional-leadership-2\/"},"wordCount":280,"publisher":{"@id":"https:\/\/www.hiil.org\/fr\/#organization"},"image":{"@id":"https:\/\/www.hiil.org\/fr\/news\/access-to-justice-in-bangladesh-challenges-and-the-potential-for-regional-leadership-2\/#primaryimage"},"thumbnailUrl":"https:\/\/www.hiil.org\/wp-content\/uploads\/2018\/09\/ef940e42bb622972729c83f17377d87d_normal.jpg","articleSection":["News and Articles"],"inLanguage":"fr-FR"},{"@type":"WebPage","@id":"https:\/\/www.hiil.org\/fr\/news\/access-to-justice-in-bangladesh-challenges-and-the-potential-for-regional-leadership-2\/","url":"https:\/\/www.hiil.org\/fr\/news\/access-to-justice-in-bangladesh-challenges-and-the-potential-for-regional-leadership-2\/","name":"Access to justice in Bangladesh \u2013 Challenges and the potential for regional leadership - HiiL","isPartOf":{"@id":"https:\/\/www.hiil.org\/fr\/#website"},"primaryImageOfPage":{"@id":"https:\/\/www.hiil.org\/fr\/news\/access-to-justice-in-bangladesh-challenges-and-the-potential-for-regional-leadership-2\/#primaryimage"},"image":{"@id":"https:\/\/www.hiil.org\/fr\/news\/access-to-justice-in-bangladesh-challenges-and-the-potential-for-regional-leadership-2\/#primaryimage"},"thumbnailUrl":"https:\/\/www.hiil.org\/wp-content\/uploads\/2018\/09\/ef940e42bb622972729c83f17377d87d_normal.jpg","datePublished":"2018-05-16T12:16:11+00:00","dateModified":"2018-09-13T12:19:18+00:00","breadcrumb":{"@id":"https:\/\/www.hiil.org\/fr\/news\/access-to-justice-in-bangladesh-challenges-and-the-potential-for-regional-leadership-2\/#breadcrumb"},"inLanguage":"fr-FR","potentialAction":[{"@type":"ReadAction","target":["https:\/\/www.hiil.org\/fr\/news\/access-to-justice-in-bangladesh-challenges-and-the-potential-for-regional-leadership-2\/"]}]},{"@type":"ImageObject","inLanguage":"fr-FR","@id":"https:\/\/www.hiil.org\/fr\/news\/access-to-justice-in-bangladesh-challenges-and-the-potential-for-regional-leadership-2\/#primaryimage","url":"https:\/\/www.hiil.org\/wp-content\/uploads\/2018\/09\/ef940e42bb622972729c83f17377d87d_normal.jpg","contentUrl":"https:\/\/www.hiil.org\/wp-content\/uploads\/2018\/09\/ef940e42bb622972729c83f17377d87d_normal.jpg","width":646,"height":300,"caption":"Legal issues"},{"@type":"BreadcrumbList","@id":"https:\/\/www.hiil.org\/fr\/news\/access-to-justice-in-bangladesh-challenges-and-the-potential-for-regional-leadership-2\/#breadcrumb","itemListElement":[{"@type":"ListItem","position":1,"name":"Home","item":"https:\/\/www.hiil.org\/fr\/"},{"@type":"ListItem","position":2,"name":"Access to justice in Bangladesh \u2013 Challenges and the potential for regional leadership"}]},{"@type":"WebSite","@id":"https:\/\/www.hiil.org\/fr\/#website","url":"https:\/\/www.hiil.org\/fr\/","name":"HiiL","description":"Pour une justice ax\u00e9e sur les personnes","publisher":{"@id":"https:\/\/www.hiil.org\/fr\/#organization"},"potentialAction":[{"@type":"SearchAction","target":{"@type":"EntryPoint","urlTemplate":"https:\/\/www.hiil.org\/fr\/?s={search_term_string}"},"query-input":{"@type":"PropertyValueSpecification","valueRequired":true,"valueName":"search_term_string"}}],"inLanguage":"fr-FR"},{"@type":"Organization","@id":"https:\/\/www.hiil.org\/fr\/#organization","name":"HiiL","url":"https:\/\/www.hiil.org\/fr\/","logo":{"@type":"ImageObject","inLanguage":"fr-FR","@id":"https:\/\/www.hiil.org\/fr\/#\/schema\/logo\/image\/","url":"https:\/\/www.hiil.org\/wp-content\/uploads\/2018\/06\/temp_logo-e1528749988588.png","contentUrl":"https:\/\/www.hiil.org\/wp-content\/uploads\/2018\/06\/temp_logo-e1528749988588.png","width":112,"height":67,"caption":"HiiL"},"image":{"@id":"https:\/\/www.hiil.org\/fr\/#\/schema\/logo\/image\/"},"sameAs":["https:\/\/www.facebook.com\/UserFriendlyJustice\/","https:\/\/x.com\/InnoJustice","https:\/\/www.instagram.com\/userfriendlyjustice\/","https:\/\/www.linkedin.com\/company\/hiil-hague-institute-for-internationalisation-of-law\/"]},{"@type":"Person","@id":"https:\/\/www.hiil.org\/fr\/#\/schema\/person\/745604bced05033abe29d1294e472d64","name":"janvandorth","image":{"@type":"ImageObject","inLanguage":"fr-FR","@id":"https:\/\/secure.gravatar.com\/avatar\/011a52d01b73486daac4b50a5acc6657325a785fabf26940cfdd8277d373fac7?s=96&d=mm&r=g","url":"https:\/\/secure.gravatar.com\/avatar\/011a52d01b73486daac4b50a5acc6657325a785fabf26940cfdd8277d373fac7?s=96&d=mm&r=g","contentUrl":"https:\/\/secure.gravatar.com\/avatar\/011a52d01b73486daac4b50a5acc6657325a785fabf26940cfdd8277d373fac7?s=96&d=mm&r=g","caption":"janvandorth"},"url":"https:\/\/www.hiil.org\/fr\/author\/janvandorth\/"}]}},"_links":{"self":[{"href":"https:\/\/www.hiil.org\/fr\/wp-json\/wp\/v2\/posts\/2984","targetHints":{"allow":["GET"]}}],"collection":[{"href":"https:\/\/www.hiil.org\/fr\/wp-json\/wp\/v2\/posts"}],"about":[{"href":"https:\/\/www.hiil.org\/fr\/wp-json\/wp\/v2\/types\/post"}],"author":[{"embeddable":true,"href":"https:\/\/www.hiil.org\/fr\/wp-json\/wp\/v2\/users\/6"}],"replies":[{"embeddable":true,"href":"https:\/\/www.hiil.org\/fr\/wp-json\/wp\/v2\/comments?post=2984"}],"version-history":[{"count":2,"href":"https:\/\/www.hiil.org\/fr\/wp-json\/wp\/v2\/posts\/2984\/revisions"}],"predecessor-version":[{"id":2999,"href":"https:\/\/www.hiil.org\/fr\/wp-json\/wp\/v2\/posts\/2984\/revisions\/2999"}],"wp:featuredmedia":[{"embeddable":true,"href":"https:\/\/www.hiil.org\/fr\/wp-json\/wp\/v2\/media\/2985"}],"wp:attachment":[{"href":"https:\/\/www.hiil.org\/fr\/wp-json\/wp\/v2\/media?parent=2984"}],"wp:term":[{"taxonomy":"category","embeddable":true,"href":"https:\/\/www.hiil.org\/fr\/wp-json\/wp\/v2\/categories?post=2984"},{"taxonomy":"post_tag","embeddable":true,"href":"https:\/\/www.hiil.org\/fr\/wp-json\/wp\/v2\/tags?post=2984"}],"curies":[{"name":"wp","href":"https:\/\/api.w.org\/{rel}","templated":true}]}}