{"id":2943,"date":"2018-01-30T11:43:23","date_gmt":"2018-01-30T11:43:23","guid":{"rendered":"https:\/\/www.hiil.org\/?p=2943"},"modified":"2018-09-13T11:45:07","modified_gmt":"2018-09-13T11:45:07","slug":"op-de-bres-voor-de-sociale-advocatuur-een-factsheet","status":"publish","type":"post","link":"https:\/\/www.hiil.org\/fr\/news\/op-de-bres-voor-de-sociale-advocatuur-een-factsheet\/","title":{"rendered":"Op de bres voor de sociale advocatuur? Een factsheet"},"content":{"rendered":"<p>Sociale advocaten zijn ongerust over hun toekomst. Zij vragen de overheid om beloning voor de uren die zij werkelijk maken. Donderdag 1 februari zal er een demonstratie in toga zijn in Den Haag. Dit is \u00e9\u00e9n van meerdere signalen dat de rechtspleging moeizaam werkt voor de doelgroep.\u00a0<a href=\"\/wp-content\/uploads\/2018\/09\/Factsheet-Toekomst-Rechtsbijstand.pdf\" target=\"_blank\" rel=\"noopener\"><strong>Deze factsheet<\/strong><\/a><strong>\u00a0geeft inzicht in data over de rol van de sociale advocatuur bij de toegang tot het recht.<\/strong>\u00a0We verwijzen ook naar analyses hoe die rol zou kunnen worden versterkt.<\/p>\n<p>Doel is om de dialoog over de toekomst van de rechtsbijstand, die (weer) op verschillende plekken plaatsvindt, te informeren en te stimuleren. Daarom stuurden we deze notitie toe aan Kamerleden, beleidsmakers, bij HiiL bekende stakeholders en journalisten. Het perspectief is vooral dat van gebruikers van het rechtssysteem. Wat hebben zij nodig? Op welke soort innovatie zouden zij hopen?<\/p>\n<p>Het belangrijkste inzicht lijkt te zijn dat de diensten van sociale advocaten beter zouden kunnen aansluiten bij de behoeften. Mensen willen vooral hulp bij het actief oplossen van conflicten, in hernieuwde samenspraak met de andere partij. Sociale advocaten zijn ook vaak die bruggenbouwers die opkomen voor mensen in nood. Maar als probleemoplossers staan ze niet bekend bij het publiek. Mensen maken daarom relatief weinig gebruik van een advocaat.<\/p>\n<p>Dat heeft ook te maken met de procedures bij de rechter waarin deze advocaten werken. Die zijn tijd- en geldverslindend, en de advocatuur aarzelt om verbetering van die procedures te ondersteunen. Er zijn ook vragen te stellen bij de manier waarop de advocatuur zichzelf heeft gereguleerd. Die regels maken het moeilijk om te innoveren.<\/p>\n","protected":false},"excerpt":{"rendered":"<p>Sociale advocaten zijn ongerust over hun toekomst. Zij vragen de overheid om beloning voor de uren die zij werkelijk maken. Donderdag 1 februari zal er een demonstratie in toga zijn in Den Haag. Dit is \u00e9\u00e9n van meerdere signalen dat de rechtspleging moeizaam werkt voor de doelgroep.\u00a0Deze factsheet\u00a0geeft inzicht in data over de rol van [&hellip;]<\/p>\n","protected":false},"author":6,"featured_media":2945,"comment_status":"closed","ping_status":"open","sticky":false,"template":"","format":"standard","meta":{"_acf_changed":false,"footnotes":""},"categories":[4],"tags":[],"class_list":["post-2943","post","type-post","status-publish","format-standard","has-post-thumbnail","hentry","category-news"],"acf":[],"yoast_head":"<!-- This site is optimized with the Yoast SEO plugin v27.3 - https:\/\/yoast.com\/product\/yoast-seo-wordpress\/ -->\n<title>Op de bres voor de sociale advocatuur? Een factsheet - HiiL<\/title>\n<meta name=\"robots\" content=\"index, follow, max-snippet:-1, max-image-preview:large, max-video-preview:-1\" \/>\n<link rel=\"canonical\" href=\"https:\/\/www.hiil.org\/fr\/news\/op-de-bres-voor-de-sociale-advocatuur-een-factsheet\/\" \/>\n<meta property=\"og:locale\" content=\"fr_FR\" \/>\n<meta property=\"og:type\" content=\"article\" \/>\n<meta property=\"og:title\" content=\"Op de bres voor de sociale advocatuur? Een factsheet - HiiL\" \/>\n<meta property=\"og:description\" content=\"Sociale advocaten zijn ongerust over hun toekomst. Zij vragen de overheid om beloning voor de uren die zij werkelijk maken. Donderdag 1 februari zal er een demonstratie in toga zijn in Den Haag. Dit is \u00e9\u00e9n van meerdere signalen dat de rechtspleging moeizaam werkt voor de doelgroep.\u00a0Deze factsheet\u00a0geeft inzicht in data over de rol van [&hellip;]\" \/>\n<meta property=\"og:url\" content=\"https:\/\/www.hiil.org\/fr\/news\/op-de-bres-voor-de-sociale-advocatuur-een-factsheet\/\" \/>\n<meta property=\"og:site_name\" content=\"HiiL\" \/>\n<meta property=\"article:publisher\" content=\"https:\/\/www.facebook.com\/UserFriendlyJustice\/\" \/>\n<meta property=\"article:published_time\" content=\"2018-01-30T11:43:23+00:00\" \/>\n<meta property=\"article:modified_time\" content=\"2018-09-13T11:45:07+00:00\" \/>\n<meta property=\"og:image\" content=\"https:\/\/www.hiil.org\/wp-content\/uploads\/2018\/09\/edbc250b3058a823d31b5897afc2ac23_normal.jpg\" \/>\n\t<meta property=\"og:image:width\" content=\"646\" \/>\n\t<meta property=\"og:image:height\" content=\"300\" \/>\n\t<meta property=\"og:image:type\" content=\"image\/jpeg\" \/>\n<meta name=\"author\" content=\"janvandorth\" \/>\n<meta name=\"twitter:card\" content=\"summary_large_image\" \/>\n<meta name=\"twitter:creator\" content=\"@InnoJustice\" \/>\n<meta name=\"twitter:site\" content=\"@InnoJustice\" \/>\n<meta name=\"twitter:label1\" content=\"\u00c9crit par\" \/>\n\t<meta name=\"twitter:data1\" content=\"janvandorth\" \/>\n\t<meta name=\"twitter:label2\" content=\"Dur\u00e9e de lecture estim\u00e9e\" \/>\n\t<meta name=\"twitter:data2\" content=\"1 minute\" \/>\n<script type=\"application\/ld+json\" class=\"yoast-schema-graph\">{\"@context\":\"https:\\\/\\\/schema.org\",\"@graph\":[{\"@type\":\"Article\",\"@id\":\"https:\\\/\\\/www.hiil.org\\\/fr\\\/news\\\/op-de-bres-voor-de-sociale-advocatuur-een-factsheet\\\/#article\",\"isPartOf\":{\"@id\":\"https:\\\/\\\/www.hiil.org\\\/fr\\\/news\\\/op-de-bres-voor-de-sociale-advocatuur-een-factsheet\\\/\"},\"author\":{\"name\":\"janvandorth\",\"@id\":\"https:\\\/\\\/www.hiil.org\\\/fr\\\/#\\\/schema\\\/person\\\/745604bced05033abe29d1294e472d64\"},\"headline\":\"Op de bres voor de sociale advocatuur? Een factsheet\",\"datePublished\":\"2018-01-30T11:43:23+00:00\",\"dateModified\":\"2018-09-13T11:45:07+00:00\",\"mainEntityOfPage\":{\"@id\":\"https:\\\/\\\/www.hiil.org\\\/fr\\\/news\\\/op-de-bres-voor-de-sociale-advocatuur-een-factsheet\\\/\"},\"wordCount\":266,\"publisher\":{\"@id\":\"https:\\\/\\\/www.hiil.org\\\/fr\\\/#organization\"},\"image\":{\"@id\":\"https:\\\/\\\/www.hiil.org\\\/fr\\\/news\\\/op-de-bres-voor-de-sociale-advocatuur-een-factsheet\\\/#primaryimage\"},\"thumbnailUrl\":\"https:\\\/\\\/www.hiil.org\\\/wp-content\\\/uploads\\\/2018\\\/09\\\/edbc250b3058a823d31b5897afc2ac23_normal.jpg\",\"articleSection\":[\"News and Articles\"],\"inLanguage\":\"fr-FR\"},{\"@type\":\"WebPage\",\"@id\":\"https:\\\/\\\/www.hiil.org\\\/fr\\\/news\\\/op-de-bres-voor-de-sociale-advocatuur-een-factsheet\\\/\",\"url\":\"https:\\\/\\\/www.hiil.org\\\/fr\\\/news\\\/op-de-bres-voor-de-sociale-advocatuur-een-factsheet\\\/\",\"name\":\"Op de bres voor de sociale advocatuur? Een factsheet - HiiL\",\"isPartOf\":{\"@id\":\"https:\\\/\\\/www.hiil.org\\\/fr\\\/#website\"},\"primaryImageOfPage\":{\"@id\":\"https:\\\/\\\/www.hiil.org\\\/fr\\\/news\\\/op-de-bres-voor-de-sociale-advocatuur-een-factsheet\\\/#primaryimage\"},\"image\":{\"@id\":\"https:\\\/\\\/www.hiil.org\\\/fr\\\/news\\\/op-de-bres-voor-de-sociale-advocatuur-een-factsheet\\\/#primaryimage\"},\"thumbnailUrl\":\"https:\\\/\\\/www.hiil.org\\\/wp-content\\\/uploads\\\/2018\\\/09\\\/edbc250b3058a823d31b5897afc2ac23_normal.jpg\",\"datePublished\":\"2018-01-30T11:43:23+00:00\",\"dateModified\":\"2018-09-13T11:45:07+00:00\",\"breadcrumb\":{\"@id\":\"https:\\\/\\\/www.hiil.org\\\/fr\\\/news\\\/op-de-bres-voor-de-sociale-advocatuur-een-factsheet\\\/#breadcrumb\"},\"inLanguage\":\"fr-FR\",\"potentialAction\":[{\"@type\":\"ReadAction\",\"target\":[\"https:\\\/\\\/www.hiil.org\\\/fr\\\/news\\\/op-de-bres-voor-de-sociale-advocatuur-een-factsheet\\\/\"]}]},{\"@type\":\"ImageObject\",\"inLanguage\":\"fr-FR\",\"@id\":\"https:\\\/\\\/www.hiil.org\\\/fr\\\/news\\\/op-de-bres-voor-de-sociale-advocatuur-een-factsheet\\\/#primaryimage\",\"url\":\"https:\\\/\\\/www.hiil.org\\\/wp-content\\\/uploads\\\/2018\\\/09\\\/edbc250b3058a823d31b5897afc2ac23_normal.jpg\",\"contentUrl\":\"https:\\\/\\\/www.hiil.org\\\/wp-content\\\/uploads\\\/2018\\\/09\\\/edbc250b3058a823d31b5897afc2ac23_normal.jpg\",\"width\":646,\"height\":300,\"caption\":\"Legaltech\"},{\"@type\":\"BreadcrumbList\",\"@id\":\"https:\\\/\\\/www.hiil.org\\\/fr\\\/news\\\/op-de-bres-voor-de-sociale-advocatuur-een-factsheet\\\/#breadcrumb\",\"itemListElement\":[{\"@type\":\"ListItem\",\"position\":1,\"name\":\"Home\",\"item\":\"https:\\\/\\\/www.hiil.org\\\/fr\\\/\"},{\"@type\":\"ListItem\",\"position\":2,\"name\":\"Op de bres voor de sociale advocatuur? Een factsheet\"}]},{\"@type\":\"WebSite\",\"@id\":\"https:\\\/\\\/www.hiil.org\\\/fr\\\/#website\",\"url\":\"https:\\\/\\\/www.hiil.org\\\/fr\\\/\",\"name\":\"HiiL\",\"description\":\"Pour une justice ax\u00e9e sur les personnes\",\"publisher\":{\"@id\":\"https:\\\/\\\/www.hiil.org\\\/fr\\\/#organization\"},\"potentialAction\":[{\"@type\":\"SearchAction\",\"target\":{\"@type\":\"EntryPoint\",\"urlTemplate\":\"https:\\\/\\\/www.hiil.org\\\/fr\\\/?s={search_term_string}\"},\"query-input\":{\"@type\":\"PropertyValueSpecification\",\"valueRequired\":true,\"valueName\":\"search_term_string\"}}],\"inLanguage\":\"fr-FR\"},{\"@type\":\"Organization\",\"@id\":\"https:\\\/\\\/www.hiil.org\\\/fr\\\/#organization\",\"name\":\"HiiL\",\"url\":\"https:\\\/\\\/www.hiil.org\\\/fr\\\/\",\"logo\":{\"@type\":\"ImageObject\",\"inLanguage\":\"fr-FR\",\"@id\":\"https:\\\/\\\/www.hiil.org\\\/fr\\\/#\\\/schema\\\/logo\\\/image\\\/\",\"url\":\"https:\\\/\\\/www.hiil.org\\\/wp-content\\\/uploads\\\/2018\\\/06\\\/temp_logo-e1528749988588.png\",\"contentUrl\":\"https:\\\/\\\/www.hiil.org\\\/wp-content\\\/uploads\\\/2018\\\/06\\\/temp_logo-e1528749988588.png\",\"width\":112,\"height\":67,\"caption\":\"HiiL\"},\"image\":{\"@id\":\"https:\\\/\\\/www.hiil.org\\\/fr\\\/#\\\/schema\\\/logo\\\/image\\\/\"},\"sameAs\":[\"https:\\\/\\\/www.facebook.com\\\/UserFriendlyJustice\\\/\",\"https:\\\/\\\/x.com\\\/InnoJustice\",\"https:\\\/\\\/www.instagram.com\\\/userfriendlyjustice\\\/\",\"https:\\\/\\\/www.linkedin.com\\\/company\\\/hiil-hague-institute-for-internationalisation-of-law\\\/\"]},{\"@type\":\"Person\",\"@id\":\"https:\\\/\\\/www.hiil.org\\\/fr\\\/#\\\/schema\\\/person\\\/745604bced05033abe29d1294e472d64\",\"name\":\"janvandorth\",\"image\":{\"@type\":\"ImageObject\",\"inLanguage\":\"fr-FR\",\"@id\":\"https:\\\/\\\/secure.gravatar.com\\\/avatar\\\/011a52d01b73486daac4b50a5acc6657325a785fabf26940cfdd8277d373fac7?s=96&d=mm&r=g\",\"url\":\"https:\\\/\\\/secure.gravatar.com\\\/avatar\\\/011a52d01b73486daac4b50a5acc6657325a785fabf26940cfdd8277d373fac7?s=96&d=mm&r=g\",\"contentUrl\":\"https:\\\/\\\/secure.gravatar.com\\\/avatar\\\/011a52d01b73486daac4b50a5acc6657325a785fabf26940cfdd8277d373fac7?s=96&d=mm&r=g\",\"caption\":\"janvandorth\"},\"url\":\"https:\\\/\\\/www.hiil.org\\\/fr\\\/author\\\/janvandorth\\\/\"}]}<\/script>\n<!-- \/ Yoast SEO plugin. -->","yoast_head_json":{"title":"Op de bres voor de sociale advocatuur? Een factsheet - HiiL","robots":{"index":"index","follow":"follow","max-snippet":"max-snippet:-1","max-image-preview":"max-image-preview:large","max-video-preview":"max-video-preview:-1"},"canonical":"https:\/\/www.hiil.org\/fr\/news\/op-de-bres-voor-de-sociale-advocatuur-een-factsheet\/","og_locale":"fr_FR","og_type":"article","og_title":"Op de bres voor de sociale advocatuur? Een factsheet - HiiL","og_description":"Sociale advocaten zijn ongerust over hun toekomst. Zij vragen de overheid om beloning voor de uren die zij werkelijk maken. Donderdag 1 februari zal er een demonstratie in toga zijn in Den Haag. Dit is \u00e9\u00e9n van meerdere signalen dat de rechtspleging moeizaam werkt voor de doelgroep.\u00a0Deze factsheet\u00a0geeft inzicht in data over de rol van [&hellip;]","og_url":"https:\/\/www.hiil.org\/fr\/news\/op-de-bres-voor-de-sociale-advocatuur-een-factsheet\/","og_site_name":"HiiL","article_publisher":"https:\/\/www.facebook.com\/UserFriendlyJustice\/","article_published_time":"2018-01-30T11:43:23+00:00","article_modified_time":"2018-09-13T11:45:07+00:00","og_image":[{"width":646,"height":300,"url":"https:\/\/www.hiil.org\/wp-content\/uploads\/2018\/09\/edbc250b3058a823d31b5897afc2ac23_normal.jpg","type":"image\/jpeg"}],"author":"janvandorth","twitter_card":"summary_large_image","twitter_creator":"@InnoJustice","twitter_site":"@InnoJustice","twitter_misc":{"\u00c9crit par":"janvandorth","Dur\u00e9e de lecture estim\u00e9e":"1 minute"},"schema":{"@context":"https:\/\/schema.org","@graph":[{"@type":"Article","@id":"https:\/\/www.hiil.org\/fr\/news\/op-de-bres-voor-de-sociale-advocatuur-een-factsheet\/#article","isPartOf":{"@id":"https:\/\/www.hiil.org\/fr\/news\/op-de-bres-voor-de-sociale-advocatuur-een-factsheet\/"},"author":{"name":"janvandorth","@id":"https:\/\/www.hiil.org\/fr\/#\/schema\/person\/745604bced05033abe29d1294e472d64"},"headline":"Op de bres voor de sociale advocatuur? Een factsheet","datePublished":"2018-01-30T11:43:23+00:00","dateModified":"2018-09-13T11:45:07+00:00","mainEntityOfPage":{"@id":"https:\/\/www.hiil.org\/fr\/news\/op-de-bres-voor-de-sociale-advocatuur-een-factsheet\/"},"wordCount":266,"publisher":{"@id":"https:\/\/www.hiil.org\/fr\/#organization"},"image":{"@id":"https:\/\/www.hiil.org\/fr\/news\/op-de-bres-voor-de-sociale-advocatuur-een-factsheet\/#primaryimage"},"thumbnailUrl":"https:\/\/www.hiil.org\/wp-content\/uploads\/2018\/09\/edbc250b3058a823d31b5897afc2ac23_normal.jpg","articleSection":["News and Articles"],"inLanguage":"fr-FR"},{"@type":"WebPage","@id":"https:\/\/www.hiil.org\/fr\/news\/op-de-bres-voor-de-sociale-advocatuur-een-factsheet\/","url":"https:\/\/www.hiil.org\/fr\/news\/op-de-bres-voor-de-sociale-advocatuur-een-factsheet\/","name":"Op de bres voor de sociale advocatuur? Een factsheet - HiiL","isPartOf":{"@id":"https:\/\/www.hiil.org\/fr\/#website"},"primaryImageOfPage":{"@id":"https:\/\/www.hiil.org\/fr\/news\/op-de-bres-voor-de-sociale-advocatuur-een-factsheet\/#primaryimage"},"image":{"@id":"https:\/\/www.hiil.org\/fr\/news\/op-de-bres-voor-de-sociale-advocatuur-een-factsheet\/#primaryimage"},"thumbnailUrl":"https:\/\/www.hiil.org\/wp-content\/uploads\/2018\/09\/edbc250b3058a823d31b5897afc2ac23_normal.jpg","datePublished":"2018-01-30T11:43:23+00:00","dateModified":"2018-09-13T11:45:07+00:00","breadcrumb":{"@id":"https:\/\/www.hiil.org\/fr\/news\/op-de-bres-voor-de-sociale-advocatuur-een-factsheet\/#breadcrumb"},"inLanguage":"fr-FR","potentialAction":[{"@type":"ReadAction","target":["https:\/\/www.hiil.org\/fr\/news\/op-de-bres-voor-de-sociale-advocatuur-een-factsheet\/"]}]},{"@type":"ImageObject","inLanguage":"fr-FR","@id":"https:\/\/www.hiil.org\/fr\/news\/op-de-bres-voor-de-sociale-advocatuur-een-factsheet\/#primaryimage","url":"https:\/\/www.hiil.org\/wp-content\/uploads\/2018\/09\/edbc250b3058a823d31b5897afc2ac23_normal.jpg","contentUrl":"https:\/\/www.hiil.org\/wp-content\/uploads\/2018\/09\/edbc250b3058a823d31b5897afc2ac23_normal.jpg","width":646,"height":300,"caption":"Legaltech"},{"@type":"BreadcrumbList","@id":"https:\/\/www.hiil.org\/fr\/news\/op-de-bres-voor-de-sociale-advocatuur-een-factsheet\/#breadcrumb","itemListElement":[{"@type":"ListItem","position":1,"name":"Home","item":"https:\/\/www.hiil.org\/fr\/"},{"@type":"ListItem","position":2,"name":"Op de bres voor de sociale advocatuur? Een factsheet"}]},{"@type":"WebSite","@id":"https:\/\/www.hiil.org\/fr\/#website","url":"https:\/\/www.hiil.org\/fr\/","name":"HiiL","description":"Pour une justice ax\u00e9e sur les personnes","publisher":{"@id":"https:\/\/www.hiil.org\/fr\/#organization"},"potentialAction":[{"@type":"SearchAction","target":{"@type":"EntryPoint","urlTemplate":"https:\/\/www.hiil.org\/fr\/?s={search_term_string}"},"query-input":{"@type":"PropertyValueSpecification","valueRequired":true,"valueName":"search_term_string"}}],"inLanguage":"fr-FR"},{"@type":"Organization","@id":"https:\/\/www.hiil.org\/fr\/#organization","name":"HiiL","url":"https:\/\/www.hiil.org\/fr\/","logo":{"@type":"ImageObject","inLanguage":"fr-FR","@id":"https:\/\/www.hiil.org\/fr\/#\/schema\/logo\/image\/","url":"https:\/\/www.hiil.org\/wp-content\/uploads\/2018\/06\/temp_logo-e1528749988588.png","contentUrl":"https:\/\/www.hiil.org\/wp-content\/uploads\/2018\/06\/temp_logo-e1528749988588.png","width":112,"height":67,"caption":"HiiL"},"image":{"@id":"https:\/\/www.hiil.org\/fr\/#\/schema\/logo\/image\/"},"sameAs":["https:\/\/www.facebook.com\/UserFriendlyJustice\/","https:\/\/x.com\/InnoJustice","https:\/\/www.instagram.com\/userfriendlyjustice\/","https:\/\/www.linkedin.com\/company\/hiil-hague-institute-for-internationalisation-of-law\/"]},{"@type":"Person","@id":"https:\/\/www.hiil.org\/fr\/#\/schema\/person\/745604bced05033abe29d1294e472d64","name":"janvandorth","image":{"@type":"ImageObject","inLanguage":"fr-FR","@id":"https:\/\/secure.gravatar.com\/avatar\/011a52d01b73486daac4b50a5acc6657325a785fabf26940cfdd8277d373fac7?s=96&d=mm&r=g","url":"https:\/\/secure.gravatar.com\/avatar\/011a52d01b73486daac4b50a5acc6657325a785fabf26940cfdd8277d373fac7?s=96&d=mm&r=g","contentUrl":"https:\/\/secure.gravatar.com\/avatar\/011a52d01b73486daac4b50a5acc6657325a785fabf26940cfdd8277d373fac7?s=96&d=mm&r=g","caption":"janvandorth"},"url":"https:\/\/www.hiil.org\/fr\/author\/janvandorth\/"}]}},"_links":{"self":[{"href":"https:\/\/www.hiil.org\/fr\/wp-json\/wp\/v2\/posts\/2943","targetHints":{"allow":["GET"]}}],"collection":[{"href":"https:\/\/www.hiil.org\/fr\/wp-json\/wp\/v2\/posts"}],"about":[{"href":"https:\/\/www.hiil.org\/fr\/wp-json\/wp\/v2\/types\/post"}],"author":[{"embeddable":true,"href":"https:\/\/www.hiil.org\/fr\/wp-json\/wp\/v2\/users\/6"}],"replies":[{"embeddable":true,"href":"https:\/\/www.hiil.org\/fr\/wp-json\/wp\/v2\/comments?post=2943"}],"version-history":[{"count":2,"href":"https:\/\/www.hiil.org\/fr\/wp-json\/wp\/v2\/posts\/2943\/revisions"}],"predecessor-version":[{"id":2947,"href":"https:\/\/www.hiil.org\/fr\/wp-json\/wp\/v2\/posts\/2943\/revisions\/2947"}],"wp:featuredmedia":[{"embeddable":true,"href":"https:\/\/www.hiil.org\/fr\/wp-json\/wp\/v2\/media\/2945"}],"wp:attachment":[{"href":"https:\/\/www.hiil.org\/fr\/wp-json\/wp\/v2\/media?parent=2943"}],"wp:term":[{"taxonomy":"category","embeddable":true,"href":"https:\/\/www.hiil.org\/fr\/wp-json\/wp\/v2\/categories?post=2943"},{"taxonomy":"post_tag","embeddable":true,"href":"https:\/\/www.hiil.org\/fr\/wp-json\/wp\/v2\/tags?post=2943"}],"curies":[{"name":"wp","href":"https:\/\/api.w.org\/{rel}","templated":true}]}}