{"id":2495,"date":"2011-06-23T09:47:23","date_gmt":"2011-06-23T09:47:23","guid":{"rendered":"https:\/\/www.hiil.org\/?p=2495"},"modified":"2021-09-09T13:35:42","modified_gmt":"2021-09-09T13:35:42","slug":"hiil-law-of-the-future-conference-2011","status":"publish","type":"post","link":"https:\/\/www.hiil.org\/fr\/events\/hiil-law-of-the-future-conference-2011\/","title":{"rendered":"HiiL Law of the Future Conference 2011"},"content":{"rendered":"<p><span class=\"date\">23-24 JUNE 2011<\/span><\/p>\n<p>Peace Palace<br \/>\nThe Hague<\/p>\n<p><a href=\"\/wp-content\/uploads\/2018\/09\/HIIL_n18053_v1_LOFT2011_Programme_Forum_Conference__updated_as_of_15_June_.pdf\">Conference Programme<\/a><\/p>\n<p>The 2011 Conference was the culmination point of the long-term Law of the Future initiative started by HiiL in 2010. A process in which creative thinkers from academia and practice join to reflect on alternative futures for law and legal systems. The aim is to set a world standard in thinking ahead, to guide decision makers today.<\/p>\n<p>About 200 of the best legal brains worldwide debated the Law Scenarios to 2030 exclusively presented by HiiL during its 2011 Law of the Future Conference on 23 and 24 June in the Peace Palace, in The Hague. Participants discussed how law will evolve in the next 20 years. For the first results of the discussions that were shared during the 2011 Law of the Future Conference see the Law of the Future Vision 2011. The Mayor of The Hague Jozias van Aartsen officially accepted the first copy of the Law Scenarios to 2030 and The Law of the Future and the Future of Law publication.<\/p>\n<p>&nbsp;<\/p>\n<p>&nbsp;<\/p>\n<h3><strong>First ever scenarios for the future of law presented!<\/strong><\/h3>\n<p><strong><br \/>\n<\/strong>Signposting the space of the legal future<\/p>\n<p><img decoding=\"async\" class=\"alignleft\" src=\"https:\/\/www.hiil.org\/data\/sitemanagement\/media\/LOTFcover_scenarios.jpg\" alt=\"\" width=\"80\" height=\"114\" align=\"left\" \/><\/p>\n<p>About 200 of the best legal brains worldwide debated the Law Scenarios to 2030 exclusively presented by HiiL during its 2011 Law of the Future Conference. The Law Scenarios to 2030 provide three wind tunnels in which ideas and strategies concerning the law of the future can be tested and debated. The scenarios help us think, imagine, conceptualise and debate in order to make law more than just a reactive force. A force that helps shape a better future.<br \/>\n<a href=\"\/projects\/law-scenarios-to-2030\/\">Download PDF here<\/a><\/p>\n<p>&nbsp;<\/p>\n<h3><strong>Outcome of 2011 Law of the Future Conference:<\/strong><\/h3>\n<p><strong><br \/>\n<\/strong>Publication: Law of the Future Vision 2011<\/p>\n<p><img decoding=\"async\" class=\"alignleft\" src=\"https:\/\/www.hiil.org\/data\/sitemanagement\/media\/LOTF_Vision2011.jpg\" alt=\"\" width=\"80\" height=\"108\" align=\"left\" \/><\/p>\n<p>The first results of the discussions that were shared during the 2011 Law of the Future Conference are published in the Law of the Future Vision 2011. This brief report captures the essence of the debate and also contains the plans for the further development of the Law of the Future Forum.<br \/>\n<a href=\"\/projects\/law-of-the-future-vision-2011\/\">Download PDF here<\/a><\/p>\n<p>&nbsp;<\/p>\n<h3><strong>49 Think Pieces on how will law evolve in the next 20 years<\/strong><\/h3>\n<p><strong><br \/>\n<\/strong>Publication: The Law of the Future and the Future of Law<\/p>\n<p><img decoding=\"async\" class=\"alignleft\" src=\"https:\/\/www.hiil.org\/data\/sitemanagement\/media\/LOTF_CoverTOAEPsmall.jpg\" alt=\"\" width=\"80\" height=\"112\" align=\"left\" \/><\/p>\n<p>Some of the world\u2019s best academics and leading practitioners were involved in the Law of the Future Programme. More than 100 experts have been consulted through interviews and Think Pieces. The submitted Expert Think Pieces have been compiled into the exclusive 750 pages publication: <a href=\"\/projects\/the-law-of-the-future-and-the-future-of-law\/\">The Law of the Future and the Future of Law<\/a>.<\/p>\n<p>&nbsp;<\/p>\n<p>&nbsp;<\/p>\n<p>Some of our 2011 Law of the Future Conference participants shared their visions in video messages.<br \/>\n<strong>View the videos at:<\/strong>\u00a0<a href=\"http:\/\/www.youtube.com\/hiilthehague\">www.youtube.com\/hiilthehague<\/a><\/p>\n<p>Most of the 2011 Law of the Future Conference presentations can now be found online.<br \/>\n<strong>Check the presentations at:<\/strong>\u00a0<a href=\"http:\/\/www.slideshare.net\/HiiL\">www.slideshare.net\/HiiL<\/a><\/p>\n","protected":false},"excerpt":{"rendered":"<p>23-24 JUNE 2011 Peace Palace The Hague Conference Programme The 2011 Conference was the culmination point of the long-term Law of the Future initiative started by HiiL in 2010. A process in which creative thinkers from academia and practice join to reflect on alternative futures for law and legal systems. The aim is to set [&hellip;]<\/p>\n","protected":false},"author":3,"featured_media":2498,"comment_status":"closed","ping_status":"open","sticky":false,"template":"","format":"standard","meta":{"_acf_changed":false,"footnotes":""},"categories":[1],"tags":[71],"class_list":["post-2495","post","type-post","status-publish","format-standard","has-post-thumbnail","hentry","category-events","tag-justice-leadership"],"acf":[],"yoast_head":"<!-- This site is optimized with the Yoast SEO plugin v27.3 - https:\/\/yoast.com\/product\/yoast-seo-wordpress\/ -->\n<title>HiiL Law of the Future Conference 2011 - HiiL<\/title>\n<meta name=\"robots\" content=\"index, follow, max-snippet:-1, max-image-preview:large, max-video-preview:-1\" \/>\n<link rel=\"canonical\" href=\"https:\/\/www.hiil.org\/fr\/events\/hiil-law-of-the-future-conference-2011\/\" \/>\n<meta property=\"og:locale\" content=\"fr_FR\" \/>\n<meta property=\"og:type\" content=\"article\" \/>\n<meta property=\"og:title\" content=\"HiiL Law of the Future Conference 2011 - HiiL\" \/>\n<meta property=\"og:description\" content=\"23-24 JUNE 2011 Peace Palace The Hague Conference Programme The 2011 Conference was the culmination point of the long-term Law of the Future initiative started by HiiL in 2010. A process in which creative thinkers from academia and practice join to reflect on alternative futures for law and legal systems. The aim is to set [&hellip;]\" \/>\n<meta property=\"og:url\" content=\"https:\/\/www.hiil.org\/fr\/events\/hiil-law-of-the-future-conference-2011\/\" \/>\n<meta property=\"og:site_name\" content=\"HiiL\" \/>\n<meta property=\"article:publisher\" content=\"https:\/\/www.facebook.com\/UserFriendlyJustice\/\" \/>\n<meta property=\"article:published_time\" content=\"2011-06-23T09:47:23+00:00\" \/>\n<meta property=\"article:modified_time\" content=\"2021-09-09T13:35:42+00:00\" \/>\n<meta property=\"og:image\" content=\"https:\/\/www.hiil.org\/wp-content\/uploads\/2011\/06\/news.jpg\" \/>\n\t<meta property=\"og:image:width\" content=\"640\" \/>\n\t<meta property=\"og:image:height\" content=\"356\" \/>\n\t<meta property=\"og:image:type\" content=\"image\/jpeg\" \/>\n<meta name=\"author\" content=\"Paulina\" \/>\n<meta name=\"twitter:card\" content=\"summary_large_image\" \/>\n<meta name=\"twitter:creator\" content=\"@InnoJustice\" \/>\n<meta name=\"twitter:site\" content=\"@InnoJustice\" \/>\n<meta name=\"twitter:label1\" content=\"\u00c9crit par\" \/>\n\t<meta name=\"twitter:data1\" content=\"Paulina\" \/>\n\t<meta name=\"twitter:label2\" content=\"Dur\u00e9e de lecture estim\u00e9e\" \/>\n\t<meta name=\"twitter:data2\" content=\"2 minutes\" \/>\n<script type=\"application\/ld+json\" class=\"yoast-schema-graph\">{\"@context\":\"https:\\\/\\\/schema.org\",\"@graph\":[{\"@type\":\"Article\",\"@id\":\"https:\\\/\\\/www.hiil.org\\\/fr\\\/events\\\/hiil-law-of-the-future-conference-2011\\\/#article\",\"isPartOf\":{\"@id\":\"https:\\\/\\\/www.hiil.org\\\/fr\\\/events\\\/hiil-law-of-the-future-conference-2011\\\/\"},\"author\":{\"name\":\"Paulina\",\"@id\":\"https:\\\/\\\/www.hiil.org\\\/fr\\\/#\\\/schema\\\/person\\\/4107ac8b417c76c6f980c8568ab95c60\"},\"headline\":\"HiiL Law of the Future Conference 2011\",\"datePublished\":\"2011-06-23T09:47:23+00:00\",\"dateModified\":\"2021-09-09T13:35:42+00:00\",\"mainEntityOfPage\":{\"@id\":\"https:\\\/\\\/www.hiil.org\\\/fr\\\/events\\\/hiil-law-of-the-future-conference-2011\\\/\"},\"wordCount\":452,\"publisher\":{\"@id\":\"https:\\\/\\\/www.hiil.org\\\/fr\\\/#organization\"},\"image\":{\"@id\":\"https:\\\/\\\/www.hiil.org\\\/fr\\\/events\\\/hiil-law-of-the-future-conference-2011\\\/#primaryimage\"},\"thumbnailUrl\":\"https:\\\/\\\/www.hiil.org\\\/wp-content\\\/uploads\\\/2011\\\/06\\\/news.jpg\",\"keywords\":[\"Justice Leadership\"],\"articleSection\":[\"Events\"],\"inLanguage\":\"fr-FR\"},{\"@type\":\"WebPage\",\"@id\":\"https:\\\/\\\/www.hiil.org\\\/fr\\\/events\\\/hiil-law-of-the-future-conference-2011\\\/\",\"url\":\"https:\\\/\\\/www.hiil.org\\\/fr\\\/events\\\/hiil-law-of-the-future-conference-2011\\\/\",\"name\":\"HiiL Law of the Future Conference 2011 - HiiL\",\"isPartOf\":{\"@id\":\"https:\\\/\\\/www.hiil.org\\\/fr\\\/#website\"},\"primaryImageOfPage\":{\"@id\":\"https:\\\/\\\/www.hiil.org\\\/fr\\\/events\\\/hiil-law-of-the-future-conference-2011\\\/#primaryimage\"},\"image\":{\"@id\":\"https:\\\/\\\/www.hiil.org\\\/fr\\\/events\\\/hiil-law-of-the-future-conference-2011\\\/#primaryimage\"},\"thumbnailUrl\":\"https:\\\/\\\/www.hiil.org\\\/wp-content\\\/uploads\\\/2011\\\/06\\\/news.jpg\",\"datePublished\":\"2011-06-23T09:47:23+00:00\",\"dateModified\":\"2021-09-09T13:35:42+00:00\",\"breadcrumb\":{\"@id\":\"https:\\\/\\\/www.hiil.org\\\/fr\\\/events\\\/hiil-law-of-the-future-conference-2011\\\/#breadcrumb\"},\"inLanguage\":\"fr-FR\",\"potentialAction\":[{\"@type\":\"ReadAction\",\"target\":[\"https:\\\/\\\/www.hiil.org\\\/fr\\\/events\\\/hiil-law-of-the-future-conference-2011\\\/\"]}]},{\"@type\":\"ImageObject\",\"inLanguage\":\"fr-FR\",\"@id\":\"https:\\\/\\\/www.hiil.org\\\/fr\\\/events\\\/hiil-law-of-the-future-conference-2011\\\/#primaryimage\",\"url\":\"https:\\\/\\\/www.hiil.org\\\/wp-content\\\/uploads\\\/2011\\\/06\\\/news.jpg\",\"contentUrl\":\"https:\\\/\\\/www.hiil.org\\\/wp-content\\\/uploads\\\/2011\\\/06\\\/news.jpg\",\"width\":640,\"height\":356,\"caption\":\"Social Justice\"},{\"@type\":\"BreadcrumbList\",\"@id\":\"https:\\\/\\\/www.hiil.org\\\/fr\\\/events\\\/hiil-law-of-the-future-conference-2011\\\/#breadcrumb\",\"itemListElement\":[{\"@type\":\"ListItem\",\"position\":1,\"name\":\"Home\",\"item\":\"https:\\\/\\\/www.hiil.org\\\/fr\\\/\"},{\"@type\":\"ListItem\",\"position\":2,\"name\":\"HiiL Law of the Future Conference 2011\"}]},{\"@type\":\"WebSite\",\"@id\":\"https:\\\/\\\/www.hiil.org\\\/fr\\\/#website\",\"url\":\"https:\\\/\\\/www.hiil.org\\\/fr\\\/\",\"name\":\"HiiL\",\"description\":\"Pour une justice ax\u00e9e sur les personnes\",\"publisher\":{\"@id\":\"https:\\\/\\\/www.hiil.org\\\/fr\\\/#organization\"},\"potentialAction\":[{\"@type\":\"SearchAction\",\"target\":{\"@type\":\"EntryPoint\",\"urlTemplate\":\"https:\\\/\\\/www.hiil.org\\\/fr\\\/?s={search_term_string}\"},\"query-input\":{\"@type\":\"PropertyValueSpecification\",\"valueRequired\":true,\"valueName\":\"search_term_string\"}}],\"inLanguage\":\"fr-FR\"},{\"@type\":\"Organization\",\"@id\":\"https:\\\/\\\/www.hiil.org\\\/fr\\\/#organization\",\"name\":\"HiiL\",\"url\":\"https:\\\/\\\/www.hiil.org\\\/fr\\\/\",\"logo\":{\"@type\":\"ImageObject\",\"inLanguage\":\"fr-FR\",\"@id\":\"https:\\\/\\\/www.hiil.org\\\/fr\\\/#\\\/schema\\\/logo\\\/image\\\/\",\"url\":\"https:\\\/\\\/www.hiil.org\\\/wp-content\\\/uploads\\\/2018\\\/06\\\/temp_logo-e1528749988588.png\",\"contentUrl\":\"https:\\\/\\\/www.hiil.org\\\/wp-content\\\/uploads\\\/2018\\\/06\\\/temp_logo-e1528749988588.png\",\"width\":112,\"height\":67,\"caption\":\"HiiL\"},\"image\":{\"@id\":\"https:\\\/\\\/www.hiil.org\\\/fr\\\/#\\\/schema\\\/logo\\\/image\\\/\"},\"sameAs\":[\"https:\\\/\\\/www.facebook.com\\\/UserFriendlyJustice\\\/\",\"https:\\\/\\\/x.com\\\/InnoJustice\",\"https:\\\/\\\/www.instagram.com\\\/userfriendlyjustice\\\/\",\"https:\\\/\\\/www.linkedin.com\\\/company\\\/hiil-hague-institute-for-internationalisation-of-law\\\/\"]},{\"@type\":\"Person\",\"@id\":\"https:\\\/\\\/www.hiil.org\\\/fr\\\/#\\\/schema\\\/person\\\/4107ac8b417c76c6f980c8568ab95c60\",\"name\":\"Paulina\",\"image\":{\"@type\":\"ImageObject\",\"inLanguage\":\"fr-FR\",\"@id\":\"https:\\\/\\\/secure.gravatar.com\\\/avatar\\\/f38fe54463ddc469991f7626c9676fe16e79e7fbd99f5dd4953b9526f98bc6e8?s=96&d=mm&r=g\",\"url\":\"https:\\\/\\\/secure.gravatar.com\\\/avatar\\\/f38fe54463ddc469991f7626c9676fe16e79e7fbd99f5dd4953b9526f98bc6e8?s=96&d=mm&r=g\",\"contentUrl\":\"https:\\\/\\\/secure.gravatar.com\\\/avatar\\\/f38fe54463ddc469991f7626c9676fe16e79e7fbd99f5dd4953b9526f98bc6e8?s=96&d=mm&r=g\",\"caption\":\"Paulina\"},\"url\":\"https:\\\/\\\/www.hiil.org\\\/fr\\\/author\\\/paulina\\\/\"}]}<\/script>\n<!-- \/ Yoast SEO plugin. -->","yoast_head_json":{"title":"HiiL Law of the Future Conference 2011 - HiiL","robots":{"index":"index","follow":"follow","max-snippet":"max-snippet:-1","max-image-preview":"max-image-preview:large","max-video-preview":"max-video-preview:-1"},"canonical":"https:\/\/www.hiil.org\/fr\/events\/hiil-law-of-the-future-conference-2011\/","og_locale":"fr_FR","og_type":"article","og_title":"HiiL Law of the Future Conference 2011 - HiiL","og_description":"23-24 JUNE 2011 Peace Palace The Hague Conference Programme The 2011 Conference was the culmination point of the long-term Law of the Future initiative started by HiiL in 2010. A process in which creative thinkers from academia and practice join to reflect on alternative futures for law and legal systems. The aim is to set [&hellip;]","og_url":"https:\/\/www.hiil.org\/fr\/events\/hiil-law-of-the-future-conference-2011\/","og_site_name":"HiiL","article_publisher":"https:\/\/www.facebook.com\/UserFriendlyJustice\/","article_published_time":"2011-06-23T09:47:23+00:00","article_modified_time":"2021-09-09T13:35:42+00:00","og_image":[{"width":640,"height":356,"url":"https:\/\/www.hiil.org\/wp-content\/uploads\/2011\/06\/news.jpg","type":"image\/jpeg"}],"author":"Paulina","twitter_card":"summary_large_image","twitter_creator":"@InnoJustice","twitter_site":"@InnoJustice","twitter_misc":{"\u00c9crit par":"Paulina","Dur\u00e9e de lecture estim\u00e9e":"2 minutes"},"schema":{"@context":"https:\/\/schema.org","@graph":[{"@type":"Article","@id":"https:\/\/www.hiil.org\/fr\/events\/hiil-law-of-the-future-conference-2011\/#article","isPartOf":{"@id":"https:\/\/www.hiil.org\/fr\/events\/hiil-law-of-the-future-conference-2011\/"},"author":{"name":"Paulina","@id":"https:\/\/www.hiil.org\/fr\/#\/schema\/person\/4107ac8b417c76c6f980c8568ab95c60"},"headline":"HiiL Law of the Future Conference 2011","datePublished":"2011-06-23T09:47:23+00:00","dateModified":"2021-09-09T13:35:42+00:00","mainEntityOfPage":{"@id":"https:\/\/www.hiil.org\/fr\/events\/hiil-law-of-the-future-conference-2011\/"},"wordCount":452,"publisher":{"@id":"https:\/\/www.hiil.org\/fr\/#organization"},"image":{"@id":"https:\/\/www.hiil.org\/fr\/events\/hiil-law-of-the-future-conference-2011\/#primaryimage"},"thumbnailUrl":"https:\/\/www.hiil.org\/wp-content\/uploads\/2011\/06\/news.jpg","keywords":["Justice Leadership"],"articleSection":["Events"],"inLanguage":"fr-FR"},{"@type":"WebPage","@id":"https:\/\/www.hiil.org\/fr\/events\/hiil-law-of-the-future-conference-2011\/","url":"https:\/\/www.hiil.org\/fr\/events\/hiil-law-of-the-future-conference-2011\/","name":"HiiL Law of the Future Conference 2011 - HiiL","isPartOf":{"@id":"https:\/\/www.hiil.org\/fr\/#website"},"primaryImageOfPage":{"@id":"https:\/\/www.hiil.org\/fr\/events\/hiil-law-of-the-future-conference-2011\/#primaryimage"},"image":{"@id":"https:\/\/www.hiil.org\/fr\/events\/hiil-law-of-the-future-conference-2011\/#primaryimage"},"thumbnailUrl":"https:\/\/www.hiil.org\/wp-content\/uploads\/2011\/06\/news.jpg","datePublished":"2011-06-23T09:47:23+00:00","dateModified":"2021-09-09T13:35:42+00:00","breadcrumb":{"@id":"https:\/\/www.hiil.org\/fr\/events\/hiil-law-of-the-future-conference-2011\/#breadcrumb"},"inLanguage":"fr-FR","potentialAction":[{"@type":"ReadAction","target":["https:\/\/www.hiil.org\/fr\/events\/hiil-law-of-the-future-conference-2011\/"]}]},{"@type":"ImageObject","inLanguage":"fr-FR","@id":"https:\/\/www.hiil.org\/fr\/events\/hiil-law-of-the-future-conference-2011\/#primaryimage","url":"https:\/\/www.hiil.org\/wp-content\/uploads\/2011\/06\/news.jpg","contentUrl":"https:\/\/www.hiil.org\/wp-content\/uploads\/2011\/06\/news.jpg","width":640,"height":356,"caption":"Social Justice"},{"@type":"BreadcrumbList","@id":"https:\/\/www.hiil.org\/fr\/events\/hiil-law-of-the-future-conference-2011\/#breadcrumb","itemListElement":[{"@type":"ListItem","position":1,"name":"Home","item":"https:\/\/www.hiil.org\/fr\/"},{"@type":"ListItem","position":2,"name":"HiiL Law of the Future Conference 2011"}]},{"@type":"WebSite","@id":"https:\/\/www.hiil.org\/fr\/#website","url":"https:\/\/www.hiil.org\/fr\/","name":"HiiL","description":"Pour une justice ax\u00e9e sur les personnes","publisher":{"@id":"https:\/\/www.hiil.org\/fr\/#organization"},"potentialAction":[{"@type":"SearchAction","target":{"@type":"EntryPoint","urlTemplate":"https:\/\/www.hiil.org\/fr\/?s={search_term_string}"},"query-input":{"@type":"PropertyValueSpecification","valueRequired":true,"valueName":"search_term_string"}}],"inLanguage":"fr-FR"},{"@type":"Organization","@id":"https:\/\/www.hiil.org\/fr\/#organization","name":"HiiL","url":"https:\/\/www.hiil.org\/fr\/","logo":{"@type":"ImageObject","inLanguage":"fr-FR","@id":"https:\/\/www.hiil.org\/fr\/#\/schema\/logo\/image\/","url":"https:\/\/www.hiil.org\/wp-content\/uploads\/2018\/06\/temp_logo-e1528749988588.png","contentUrl":"https:\/\/www.hiil.org\/wp-content\/uploads\/2018\/06\/temp_logo-e1528749988588.png","width":112,"height":67,"caption":"HiiL"},"image":{"@id":"https:\/\/www.hiil.org\/fr\/#\/schema\/logo\/image\/"},"sameAs":["https:\/\/www.facebook.com\/UserFriendlyJustice\/","https:\/\/x.com\/InnoJustice","https:\/\/www.instagram.com\/userfriendlyjustice\/","https:\/\/www.linkedin.com\/company\/hiil-hague-institute-for-internationalisation-of-law\/"]},{"@type":"Person","@id":"https:\/\/www.hiil.org\/fr\/#\/schema\/person\/4107ac8b417c76c6f980c8568ab95c60","name":"Paulina","image":{"@type":"ImageObject","inLanguage":"fr-FR","@id":"https:\/\/secure.gravatar.com\/avatar\/f38fe54463ddc469991f7626c9676fe16e79e7fbd99f5dd4953b9526f98bc6e8?s=96&d=mm&r=g","url":"https:\/\/secure.gravatar.com\/avatar\/f38fe54463ddc469991f7626c9676fe16e79e7fbd99f5dd4953b9526f98bc6e8?s=96&d=mm&r=g","contentUrl":"https:\/\/secure.gravatar.com\/avatar\/f38fe54463ddc469991f7626c9676fe16e79e7fbd99f5dd4953b9526f98bc6e8?s=96&d=mm&r=g","caption":"Paulina"},"url":"https:\/\/www.hiil.org\/fr\/author\/paulina\/"}]}},"_links":{"self":[{"href":"https:\/\/www.hiil.org\/fr\/wp-json\/wp\/v2\/posts\/2495","targetHints":{"allow":["GET"]}}],"collection":[{"href":"https:\/\/www.hiil.org\/fr\/wp-json\/wp\/v2\/posts"}],"about":[{"href":"https:\/\/www.hiil.org\/fr\/wp-json\/wp\/v2\/types\/post"}],"author":[{"embeddable":true,"href":"https:\/\/www.hiil.org\/fr\/wp-json\/wp\/v2\/users\/3"}],"replies":[{"embeddable":true,"href":"https:\/\/www.hiil.org\/fr\/wp-json\/wp\/v2\/comments?post=2495"}],"version-history":[{"count":5,"href":"https:\/\/www.hiil.org\/fr\/wp-json\/wp\/v2\/posts\/2495\/revisions"}],"predecessor-version":[{"id":2502,"href":"https:\/\/www.hiil.org\/fr\/wp-json\/wp\/v2\/posts\/2495\/revisions\/2502"}],"wp:featuredmedia":[{"embeddable":true,"href":"https:\/\/www.hiil.org\/fr\/wp-json\/wp\/v2\/media\/2498"}],"wp:attachment":[{"href":"https:\/\/www.hiil.org\/fr\/wp-json\/wp\/v2\/media?parent=2495"}],"wp:term":[{"taxonomy":"category","embeddable":true,"href":"https:\/\/www.hiil.org\/fr\/wp-json\/wp\/v2\/categories?post=2495"},{"taxonomy":"post_tag","embeddable":true,"href":"https:\/\/www.hiil.org\/fr\/wp-json\/wp\/v2\/tags?post=2495"}],"curies":[{"name":"wp","href":"https:\/\/api.w.org\/{rel}","templated":true}]}}