{"id":2451,"date":"2018-08-21T09:02:10","date_gmt":"2018-08-21T09:02:10","guid":{"rendered":"https:\/\/www.hiil.org\/?p=2451"},"modified":"2018-10-01T12:47:09","modified_gmt":"2018-10-01T12:47:09","slug":"het-ergste-hanteerbaar-ruimte-voor-menselijk-strafrecht","status":"publish","type":"post","link":"https:\/\/www.hiil.org\/fr\/events\/het-ergste-hanteerbaar-ruimte-voor-menselijk-strafrecht\/","title":{"rendered":"Het ergste hanteerbaar: Ruimte voor menselijk strafrecht &#8211; launch"},"content":{"rendered":"<h2>Lancering dialoog<\/h2>\n<p>Op 21 augustus brengt HiiL een discussiestuk uit: <a href=\"\/projects\/het-ergste-hanteerbaar-ruimte-voor-menselijk-strafrecht\/\">\u00ab\u00a0Het ergste hanteerbaar: Ruimte voor menselijk strafrecht\u00a0\u00bb<\/a>. Het doel is de beweging en de vernieuwing in de strafrechtspleging te versterken met nieuwe samenwerkingsrelaties.<\/p>\n<p>Geweldsmisdrijven, noodlottige ongevallen en uit de hand gelopen conflicten; voorgoed veranderen\u00a0ze het leven van slachtoffers en van daders. De strafrechtspleging is dagelijks in het nieuws.\u00a0Weten we zeker dat onze samenleving dan het beste biedt aan de mensen om wie het gaat? Dit discussiestuk toont wat mogelijk is. HiiL nodigt ge\u00efnteresseerden uit om de lancering bij te wonen. Het zal een interactieve sessie zijn met veel ruimte voor visies, reflecties en ervaringen van deelnemers.<\/p>\n<h3><strong>Het programma van de middag<\/strong><\/h3>\n<p>16.00 Inloop<br \/>\n16.15 Welkom en introductie<br \/>\n16.20 Ervaren van een \u00ab\u00a0vier tafel procedure\u00a0\u00bb voor ongevallen met ernstige gevolgen<br \/>\n16.45 Reflecties op ervaringen<br \/>\n17.00 \u00ab\u00a0Het ergste hanteerbaar: Ruimte voor menselijk strafrecht\u00a0\u00bb. Presentatie rapport.<br \/>\n17.15 Reacties experts, journalisten\/essayisten, belangstellende burgers<br \/>\n17.45 Samenvatting en hoe verder<br \/>\n18.00 Hapjes en drankjes<\/p>\n<h3><strong>Wanneer?<\/strong><\/h3>\n<p>Dinsdag 21 augustus, vanaf 16:00 uur<\/p>\n<h3><strong>Waar?<\/strong><\/h3>\n<p>The Hague Humanity Hub<br \/>\n<a href=\"https:\/\/goo.gl\/maps\/m3ujkBWPJFA2\">Fluwelen Burgwal 58, 2511 CJ Den Haag<\/a>\u00a0(5 minuten lopen vanaf station Den Haag Centraal)<\/p>\n<h3><strong>Aanmelding<\/strong><\/h3>\n<p>Bij\u00a0<a href=\"mailto:tim.verheij@hiil.org\">tim.verheij@hiil.org<\/a><\/p>\n<p>Tot de 21e!<\/p>\n<p>&nbsp;<\/p>\n","protected":false},"excerpt":{"rendered":"<p>Lancering dialoog Op 21 augustus brengt HiiL een discussiestuk uit: \u00ab\u00a0Het ergste hanteerbaar: Ruimte voor menselijk strafrecht\u00a0\u00bb. Het doel is de beweging en de vernieuwing in de strafrechtspleging te versterken met nieuwe samenwerkingsrelaties. Geweldsmisdrijven, noodlottige ongevallen en uit de hand gelopen conflicten; voorgoed veranderen\u00a0ze het leven van slachtoffers en van daders. De strafrechtspleging is dagelijks [&hellip;]<\/p>\n","protected":false},"author":3,"featured_media":2454,"comment_status":"closed","ping_status":"open","sticky":false,"template":"","format":"standard","meta":{"_acf_changed":false,"footnotes":""},"categories":[1],"tags":[57],"class_list":["post-2451","post","type-post","status-publish","format-standard","has-post-thumbnail","hentry","category-events","tag-europe"],"acf":[],"yoast_head":"<!-- This site is optimized with the Yoast SEO plugin v27.3 - https:\/\/yoast.com\/product\/yoast-seo-wordpress\/ -->\n<title>Het ergste hanteerbaar: Ruimte voor menselijk strafrecht - launch - HiiL<\/title>\n<meta name=\"robots\" content=\"index, follow, max-snippet:-1, max-image-preview:large, max-video-preview:-1\" \/>\n<link rel=\"canonical\" href=\"https:\/\/www.hiil.org\/fr\/events\/het-ergste-hanteerbaar-ruimte-voor-menselijk-strafrecht\/\" \/>\n<meta property=\"og:locale\" content=\"fr_FR\" \/>\n<meta property=\"og:type\" content=\"article\" \/>\n<meta property=\"og:title\" content=\"Het ergste hanteerbaar: Ruimte voor menselijk strafrecht - launch - HiiL\" \/>\n<meta property=\"og:description\" content=\"Lancering dialoog Op 21 augustus brengt HiiL een discussiestuk uit: \u00ab\u00a0Het ergste hanteerbaar: Ruimte voor menselijk strafrecht\u00a0\u00bb. Het doel is de beweging en de vernieuwing in de strafrechtspleging te versterken met nieuwe samenwerkingsrelaties. Geweldsmisdrijven, noodlottige ongevallen en uit de hand gelopen conflicten; voorgoed veranderen\u00a0ze het leven van slachtoffers en van daders. De strafrechtspleging is dagelijks [&hellip;]\" \/>\n<meta property=\"og:url\" content=\"https:\/\/www.hiil.org\/fr\/events\/het-ergste-hanteerbaar-ruimte-voor-menselijk-strafrecht\/\" \/>\n<meta property=\"og:site_name\" content=\"HiiL\" \/>\n<meta property=\"article:publisher\" content=\"https:\/\/www.facebook.com\/UserFriendlyJustice\/\" \/>\n<meta property=\"article:published_time\" content=\"2018-08-21T09:02:10+00:00\" \/>\n<meta property=\"article:modified_time\" content=\"2018-10-01T12:47:09+00:00\" \/>\n<meta property=\"og:image\" content=\"https:\/\/www.hiil.org\/wp-content\/uploads\/2018\/08\/news.jpg\" \/>\n\t<meta property=\"og:image:width\" content=\"640\" \/>\n\t<meta property=\"og:image:height\" content=\"356\" \/>\n\t<meta property=\"og:image:type\" content=\"image\/jpeg\" \/>\n<meta name=\"author\" content=\"Paulina\" \/>\n<meta name=\"twitter:card\" content=\"summary_large_image\" \/>\n<meta name=\"twitter:creator\" content=\"@InnoJustice\" \/>\n<meta name=\"twitter:site\" content=\"@InnoJustice\" \/>\n<meta name=\"twitter:label1\" content=\"\u00c9crit par\" \/>\n\t<meta name=\"twitter:data1\" content=\"Paulina\" \/>\n\t<meta name=\"twitter:label2\" content=\"Dur\u00e9e de lecture estim\u00e9e\" \/>\n\t<meta name=\"twitter:data2\" content=\"1 minute\" \/>\n<script type=\"application\/ld+json\" class=\"yoast-schema-graph\">{\"@context\":\"https:\\\/\\\/schema.org\",\"@graph\":[{\"@type\":\"Article\",\"@id\":\"https:\\\/\\\/www.hiil.org\\\/fr\\\/events\\\/het-ergste-hanteerbaar-ruimte-voor-menselijk-strafrecht\\\/#article\",\"isPartOf\":{\"@id\":\"https:\\\/\\\/www.hiil.org\\\/fr\\\/events\\\/het-ergste-hanteerbaar-ruimte-voor-menselijk-strafrecht\\\/\"},\"author\":{\"name\":\"Paulina\",\"@id\":\"https:\\\/\\\/www.hiil.org\\\/fr\\\/#\\\/schema\\\/person\\\/4107ac8b417c76c6f980c8568ab95c60\"},\"headline\":\"Het ergste hanteerbaar: Ruimte voor menselijk strafrecht &#8211; launch\",\"datePublished\":\"2018-08-21T09:02:10+00:00\",\"dateModified\":\"2018-10-01T12:47:09+00:00\",\"mainEntityOfPage\":{\"@id\":\"https:\\\/\\\/www.hiil.org\\\/fr\\\/events\\\/het-ergste-hanteerbaar-ruimte-voor-menselijk-strafrecht\\\/\"},\"wordCount\":194,\"publisher\":{\"@id\":\"https:\\\/\\\/www.hiil.org\\\/fr\\\/#organization\"},\"image\":{\"@id\":\"https:\\\/\\\/www.hiil.org\\\/fr\\\/events\\\/het-ergste-hanteerbaar-ruimte-voor-menselijk-strafrecht\\\/#primaryimage\"},\"thumbnailUrl\":\"https:\\\/\\\/www.hiil.org\\\/wp-content\\\/uploads\\\/2018\\\/08\\\/news.jpg\",\"keywords\":[\"Europe\"],\"articleSection\":[\"Events\"],\"inLanguage\":\"fr-FR\"},{\"@type\":\"WebPage\",\"@id\":\"https:\\\/\\\/www.hiil.org\\\/fr\\\/events\\\/het-ergste-hanteerbaar-ruimte-voor-menselijk-strafrecht\\\/\",\"url\":\"https:\\\/\\\/www.hiil.org\\\/fr\\\/events\\\/het-ergste-hanteerbaar-ruimte-voor-menselijk-strafrecht\\\/\",\"name\":\"Het ergste hanteerbaar: Ruimte voor menselijk strafrecht - launch - HiiL\",\"isPartOf\":{\"@id\":\"https:\\\/\\\/www.hiil.org\\\/fr\\\/#website\"},\"primaryImageOfPage\":{\"@id\":\"https:\\\/\\\/www.hiil.org\\\/fr\\\/events\\\/het-ergste-hanteerbaar-ruimte-voor-menselijk-strafrecht\\\/#primaryimage\"},\"image\":{\"@id\":\"https:\\\/\\\/www.hiil.org\\\/fr\\\/events\\\/het-ergste-hanteerbaar-ruimte-voor-menselijk-strafrecht\\\/#primaryimage\"},\"thumbnailUrl\":\"https:\\\/\\\/www.hiil.org\\\/wp-content\\\/uploads\\\/2018\\\/08\\\/news.jpg\",\"datePublished\":\"2018-08-21T09:02:10+00:00\",\"dateModified\":\"2018-10-01T12:47:09+00:00\",\"breadcrumb\":{\"@id\":\"https:\\\/\\\/www.hiil.org\\\/fr\\\/events\\\/het-ergste-hanteerbaar-ruimte-voor-menselijk-strafrecht\\\/#breadcrumb\"},\"inLanguage\":\"fr-FR\",\"potentialAction\":[{\"@type\":\"ReadAction\",\"target\":[\"https:\\\/\\\/www.hiil.org\\\/fr\\\/events\\\/het-ergste-hanteerbaar-ruimte-voor-menselijk-strafrecht\\\/\"]}]},{\"@type\":\"ImageObject\",\"inLanguage\":\"fr-FR\",\"@id\":\"https:\\\/\\\/www.hiil.org\\\/fr\\\/events\\\/het-ergste-hanteerbaar-ruimte-voor-menselijk-strafrecht\\\/#primaryimage\",\"url\":\"https:\\\/\\\/www.hiil.org\\\/wp-content\\\/uploads\\\/2018\\\/08\\\/news.jpg\",\"contentUrl\":\"https:\\\/\\\/www.hiil.org\\\/wp-content\\\/uploads\\\/2018\\\/08\\\/news.jpg\",\"width\":640,\"height\":356,\"caption\":\"Het ergste hanteerbaar: Ruimte voor menselijk strafrecht\"},{\"@type\":\"BreadcrumbList\",\"@id\":\"https:\\\/\\\/www.hiil.org\\\/fr\\\/events\\\/het-ergste-hanteerbaar-ruimte-voor-menselijk-strafrecht\\\/#breadcrumb\",\"itemListElement\":[{\"@type\":\"ListItem\",\"position\":1,\"name\":\"Home\",\"item\":\"https:\\\/\\\/www.hiil.org\\\/fr\\\/\"},{\"@type\":\"ListItem\",\"position\":2,\"name\":\"Het ergste hanteerbaar: Ruimte voor menselijk strafrecht &#8211; launch\"}]},{\"@type\":\"WebSite\",\"@id\":\"https:\\\/\\\/www.hiil.org\\\/fr\\\/#website\",\"url\":\"https:\\\/\\\/www.hiil.org\\\/fr\\\/\",\"name\":\"HiiL\",\"description\":\"Pour une justice ax\u00e9e sur les personnes\",\"publisher\":{\"@id\":\"https:\\\/\\\/www.hiil.org\\\/fr\\\/#organization\"},\"potentialAction\":[{\"@type\":\"SearchAction\",\"target\":{\"@type\":\"EntryPoint\",\"urlTemplate\":\"https:\\\/\\\/www.hiil.org\\\/fr\\\/?s={search_term_string}\"},\"query-input\":{\"@type\":\"PropertyValueSpecification\",\"valueRequired\":true,\"valueName\":\"search_term_string\"}}],\"inLanguage\":\"fr-FR\"},{\"@type\":\"Organization\",\"@id\":\"https:\\\/\\\/www.hiil.org\\\/fr\\\/#organization\",\"name\":\"HiiL\",\"url\":\"https:\\\/\\\/www.hiil.org\\\/fr\\\/\",\"logo\":{\"@type\":\"ImageObject\",\"inLanguage\":\"fr-FR\",\"@id\":\"https:\\\/\\\/www.hiil.org\\\/fr\\\/#\\\/schema\\\/logo\\\/image\\\/\",\"url\":\"https:\\\/\\\/www.hiil.org\\\/wp-content\\\/uploads\\\/2018\\\/06\\\/temp_logo-e1528749988588.png\",\"contentUrl\":\"https:\\\/\\\/www.hiil.org\\\/wp-content\\\/uploads\\\/2018\\\/06\\\/temp_logo-e1528749988588.png\",\"width\":112,\"height\":67,\"caption\":\"HiiL\"},\"image\":{\"@id\":\"https:\\\/\\\/www.hiil.org\\\/fr\\\/#\\\/schema\\\/logo\\\/image\\\/\"},\"sameAs\":[\"https:\\\/\\\/www.facebook.com\\\/UserFriendlyJustice\\\/\",\"https:\\\/\\\/x.com\\\/InnoJustice\",\"https:\\\/\\\/www.instagram.com\\\/userfriendlyjustice\\\/\",\"https:\\\/\\\/www.linkedin.com\\\/company\\\/hiil-hague-institute-for-internationalisation-of-law\\\/\"]},{\"@type\":\"Person\",\"@id\":\"https:\\\/\\\/www.hiil.org\\\/fr\\\/#\\\/schema\\\/person\\\/4107ac8b417c76c6f980c8568ab95c60\",\"name\":\"Paulina\",\"image\":{\"@type\":\"ImageObject\",\"inLanguage\":\"fr-FR\",\"@id\":\"https:\\\/\\\/secure.gravatar.com\\\/avatar\\\/f38fe54463ddc469991f7626c9676fe16e79e7fbd99f5dd4953b9526f98bc6e8?s=96&d=mm&r=g\",\"url\":\"https:\\\/\\\/secure.gravatar.com\\\/avatar\\\/f38fe54463ddc469991f7626c9676fe16e79e7fbd99f5dd4953b9526f98bc6e8?s=96&d=mm&r=g\",\"contentUrl\":\"https:\\\/\\\/secure.gravatar.com\\\/avatar\\\/f38fe54463ddc469991f7626c9676fe16e79e7fbd99f5dd4953b9526f98bc6e8?s=96&d=mm&r=g\",\"caption\":\"Paulina\"},\"url\":\"https:\\\/\\\/www.hiil.org\\\/fr\\\/author\\\/paulina\\\/\"}]}<\/script>\n<!-- \/ Yoast SEO plugin. -->","yoast_head_json":{"title":"Het ergste hanteerbaar: Ruimte voor menselijk strafrecht - launch - HiiL","robots":{"index":"index","follow":"follow","max-snippet":"max-snippet:-1","max-image-preview":"max-image-preview:large","max-video-preview":"max-video-preview:-1"},"canonical":"https:\/\/www.hiil.org\/fr\/events\/het-ergste-hanteerbaar-ruimte-voor-menselijk-strafrecht\/","og_locale":"fr_FR","og_type":"article","og_title":"Het ergste hanteerbaar: Ruimte voor menselijk strafrecht - launch - HiiL","og_description":"Lancering dialoog Op 21 augustus brengt HiiL een discussiestuk uit: \u00ab\u00a0Het ergste hanteerbaar: Ruimte voor menselijk strafrecht\u00a0\u00bb. Het doel is de beweging en de vernieuwing in de strafrechtspleging te versterken met nieuwe samenwerkingsrelaties. Geweldsmisdrijven, noodlottige ongevallen en uit de hand gelopen conflicten; voorgoed veranderen\u00a0ze het leven van slachtoffers en van daders. De strafrechtspleging is dagelijks [&hellip;]","og_url":"https:\/\/www.hiil.org\/fr\/events\/het-ergste-hanteerbaar-ruimte-voor-menselijk-strafrecht\/","og_site_name":"HiiL","article_publisher":"https:\/\/www.facebook.com\/UserFriendlyJustice\/","article_published_time":"2018-08-21T09:02:10+00:00","article_modified_time":"2018-10-01T12:47:09+00:00","og_image":[{"width":640,"height":356,"url":"https:\/\/www.hiil.org\/wp-content\/uploads\/2018\/08\/news.jpg","type":"image\/jpeg"}],"author":"Paulina","twitter_card":"summary_large_image","twitter_creator":"@InnoJustice","twitter_site":"@InnoJustice","twitter_misc":{"\u00c9crit par":"Paulina","Dur\u00e9e de lecture estim\u00e9e":"1 minute"},"schema":{"@context":"https:\/\/schema.org","@graph":[{"@type":"Article","@id":"https:\/\/www.hiil.org\/fr\/events\/het-ergste-hanteerbaar-ruimte-voor-menselijk-strafrecht\/#article","isPartOf":{"@id":"https:\/\/www.hiil.org\/fr\/events\/het-ergste-hanteerbaar-ruimte-voor-menselijk-strafrecht\/"},"author":{"name":"Paulina","@id":"https:\/\/www.hiil.org\/fr\/#\/schema\/person\/4107ac8b417c76c6f980c8568ab95c60"},"headline":"Het ergste hanteerbaar: Ruimte voor menselijk strafrecht &#8211; launch","datePublished":"2018-08-21T09:02:10+00:00","dateModified":"2018-10-01T12:47:09+00:00","mainEntityOfPage":{"@id":"https:\/\/www.hiil.org\/fr\/events\/het-ergste-hanteerbaar-ruimte-voor-menselijk-strafrecht\/"},"wordCount":194,"publisher":{"@id":"https:\/\/www.hiil.org\/fr\/#organization"},"image":{"@id":"https:\/\/www.hiil.org\/fr\/events\/het-ergste-hanteerbaar-ruimte-voor-menselijk-strafrecht\/#primaryimage"},"thumbnailUrl":"https:\/\/www.hiil.org\/wp-content\/uploads\/2018\/08\/news.jpg","keywords":["Europe"],"articleSection":["Events"],"inLanguage":"fr-FR"},{"@type":"WebPage","@id":"https:\/\/www.hiil.org\/fr\/events\/het-ergste-hanteerbaar-ruimte-voor-menselijk-strafrecht\/","url":"https:\/\/www.hiil.org\/fr\/events\/het-ergste-hanteerbaar-ruimte-voor-menselijk-strafrecht\/","name":"Het ergste hanteerbaar: Ruimte voor menselijk strafrecht - launch - HiiL","isPartOf":{"@id":"https:\/\/www.hiil.org\/fr\/#website"},"primaryImageOfPage":{"@id":"https:\/\/www.hiil.org\/fr\/events\/het-ergste-hanteerbaar-ruimte-voor-menselijk-strafrecht\/#primaryimage"},"image":{"@id":"https:\/\/www.hiil.org\/fr\/events\/het-ergste-hanteerbaar-ruimte-voor-menselijk-strafrecht\/#primaryimage"},"thumbnailUrl":"https:\/\/www.hiil.org\/wp-content\/uploads\/2018\/08\/news.jpg","datePublished":"2018-08-21T09:02:10+00:00","dateModified":"2018-10-01T12:47:09+00:00","breadcrumb":{"@id":"https:\/\/www.hiil.org\/fr\/events\/het-ergste-hanteerbaar-ruimte-voor-menselijk-strafrecht\/#breadcrumb"},"inLanguage":"fr-FR","potentialAction":[{"@type":"ReadAction","target":["https:\/\/www.hiil.org\/fr\/events\/het-ergste-hanteerbaar-ruimte-voor-menselijk-strafrecht\/"]}]},{"@type":"ImageObject","inLanguage":"fr-FR","@id":"https:\/\/www.hiil.org\/fr\/events\/het-ergste-hanteerbaar-ruimte-voor-menselijk-strafrecht\/#primaryimage","url":"https:\/\/www.hiil.org\/wp-content\/uploads\/2018\/08\/news.jpg","contentUrl":"https:\/\/www.hiil.org\/wp-content\/uploads\/2018\/08\/news.jpg","width":640,"height":356,"caption":"Het ergste hanteerbaar: Ruimte voor menselijk strafrecht"},{"@type":"BreadcrumbList","@id":"https:\/\/www.hiil.org\/fr\/events\/het-ergste-hanteerbaar-ruimte-voor-menselijk-strafrecht\/#breadcrumb","itemListElement":[{"@type":"ListItem","position":1,"name":"Home","item":"https:\/\/www.hiil.org\/fr\/"},{"@type":"ListItem","position":2,"name":"Het ergste hanteerbaar: Ruimte voor menselijk strafrecht &#8211; launch"}]},{"@type":"WebSite","@id":"https:\/\/www.hiil.org\/fr\/#website","url":"https:\/\/www.hiil.org\/fr\/","name":"HiiL","description":"Pour une justice ax\u00e9e sur les personnes","publisher":{"@id":"https:\/\/www.hiil.org\/fr\/#organization"},"potentialAction":[{"@type":"SearchAction","target":{"@type":"EntryPoint","urlTemplate":"https:\/\/www.hiil.org\/fr\/?s={search_term_string}"},"query-input":{"@type":"PropertyValueSpecification","valueRequired":true,"valueName":"search_term_string"}}],"inLanguage":"fr-FR"},{"@type":"Organization","@id":"https:\/\/www.hiil.org\/fr\/#organization","name":"HiiL","url":"https:\/\/www.hiil.org\/fr\/","logo":{"@type":"ImageObject","inLanguage":"fr-FR","@id":"https:\/\/www.hiil.org\/fr\/#\/schema\/logo\/image\/","url":"https:\/\/www.hiil.org\/wp-content\/uploads\/2018\/06\/temp_logo-e1528749988588.png","contentUrl":"https:\/\/www.hiil.org\/wp-content\/uploads\/2018\/06\/temp_logo-e1528749988588.png","width":112,"height":67,"caption":"HiiL"},"image":{"@id":"https:\/\/www.hiil.org\/fr\/#\/schema\/logo\/image\/"},"sameAs":["https:\/\/www.facebook.com\/UserFriendlyJustice\/","https:\/\/x.com\/InnoJustice","https:\/\/www.instagram.com\/userfriendlyjustice\/","https:\/\/www.linkedin.com\/company\/hiil-hague-institute-for-internationalisation-of-law\/"]},{"@type":"Person","@id":"https:\/\/www.hiil.org\/fr\/#\/schema\/person\/4107ac8b417c76c6f980c8568ab95c60","name":"Paulina","image":{"@type":"ImageObject","inLanguage":"fr-FR","@id":"https:\/\/secure.gravatar.com\/avatar\/f38fe54463ddc469991f7626c9676fe16e79e7fbd99f5dd4953b9526f98bc6e8?s=96&d=mm&r=g","url":"https:\/\/secure.gravatar.com\/avatar\/f38fe54463ddc469991f7626c9676fe16e79e7fbd99f5dd4953b9526f98bc6e8?s=96&d=mm&r=g","contentUrl":"https:\/\/secure.gravatar.com\/avatar\/f38fe54463ddc469991f7626c9676fe16e79e7fbd99f5dd4953b9526f98bc6e8?s=96&d=mm&r=g","caption":"Paulina"},"url":"https:\/\/www.hiil.org\/fr\/author\/paulina\/"}]}},"_links":{"self":[{"href":"https:\/\/www.hiil.org\/fr\/wp-json\/wp\/v2\/posts\/2451","targetHints":{"allow":["GET"]}}],"collection":[{"href":"https:\/\/www.hiil.org\/fr\/wp-json\/wp\/v2\/posts"}],"about":[{"href":"https:\/\/www.hiil.org\/fr\/wp-json\/wp\/v2\/types\/post"}],"author":[{"embeddable":true,"href":"https:\/\/www.hiil.org\/fr\/wp-json\/wp\/v2\/users\/3"}],"replies":[{"embeddable":true,"href":"https:\/\/www.hiil.org\/fr\/wp-json\/wp\/v2\/comments?post=2451"}],"version-history":[{"count":4,"href":"https:\/\/www.hiil.org\/fr\/wp-json\/wp\/v2\/posts\/2451\/revisions"}],"predecessor-version":[{"id":3236,"href":"https:\/\/www.hiil.org\/fr\/wp-json\/wp\/v2\/posts\/2451\/revisions\/3236"}],"wp:featuredmedia":[{"embeddable":true,"href":"https:\/\/www.hiil.org\/fr\/wp-json\/wp\/v2\/media\/2454"}],"wp:attachment":[{"href":"https:\/\/www.hiil.org\/fr\/wp-json\/wp\/v2\/media?parent=2451"}],"wp:term":[{"taxonomy":"category","embeddable":true,"href":"https:\/\/www.hiil.org\/fr\/wp-json\/wp\/v2\/categories?post=2451"},{"taxonomy":"post_tag","embeddable":true,"href":"https:\/\/www.hiil.org\/fr\/wp-json\/wp\/v2\/tags?post=2451"}],"curies":[{"name":"wp","href":"https:\/\/api.w.org\/{rel}","templated":true}]}}