{"id":2099,"date":"2015-08-31T08:05:57","date_gmt":"2015-08-31T08:05:57","guid":{"rendered":"https:\/\/www.hiil.org\/?p=2099"},"modified":"2021-09-09T13:30:37","modified_gmt":"2021-09-09T13:30:37","slug":"the-2030-agenda-for-sustainable-development-justice","status":"publish","type":"post","link":"https:\/\/www.hiil.org\/fr\/news\/the-2030-agenda-for-sustainable-development-justice\/","title":{"rendered":"The 2030 Agenda for Sustainable Development &amp; Justice"},"content":{"rendered":"<p>On 11 August, the co-facilitators of the process that had to produce the successors to the\u00a0<a class=\" external\" href=\"http:\/\/www.un.org\/millenniumgoals\/\" target=\"_blank\" rel=\"noopener\">Millennium Development Goals (MDGs)<\/a>\u00a0sent a letter to the President of the UN General Assembly that their mission had been accomplished. In diplomatic speak: an\u00a0<a class=\" external\" href=\"https:\/\/sustainabledevelopment.un.org\/post2015\/transformingourworld\" target=\"_blank\" rel=\"noopener\">outcome document<\/a>containing a draft of the Sustainable Development Goals (SDGs) had been adopted by consensus. In the diplomatic universe this means that the Heads of State and Government and High Representatives will rubberstamp the document when they meet at the United Nations Headquarters in New York from 25-27 September 2015 for the UN\u2019s 70<sup>th<\/sup>\u00a0birthday.<\/p>\n<p>In a world where significant parts of the Arab world are involved in violent conflict, where two large Security Council members actively curb freedoms, where the causes of global warming generally seem to be tolerated, and where there\u2019s a lot of other stuff to be depressed about, this is a hopeful document. At least on paper.<\/p>\n<p>Key words are: people, planet, prosperity, peace, and partnership. An excerpt from the lofty preamble:<\/p>\n<blockquote><p><em>This Agenda is a plan of action for people, planet and prosperity. It also seeks to strengthen universal peace in larger freedom. We recognise that eradicating poverty in all its forms and dimensions, including extreme poverty, is the greatest global challenge and an indispensable requirement for sustainable development. All countries and all stakeholders, acting in collaborative partnership, will implement this plan. We are resolved to free the human race from the tyranny of poverty and want and to heal and secure our planet. We are determined to take the bold and transformative steps which are urgently needed to shift the world onto a sustainable and resilient path. As we embark on this collective journey, we pledge that no one will be left behind.<\/em><\/p><\/blockquote>\n<p>It\u2019s all about peace, ending poverty, dealing with environmental degradation, larger freedom (a way to say human rights and democracy without saying it), and doing it together. The document has 17 Goals and 169 targets. For a good quick tour of all the SDGs, see the\u00a0<a class=\" external\" href=\"http:\/\/www.theguardian.com\/global-development\/2015\/jan\/19\/sustainable-development-goals-united-nations\" target=\"_blank\" rel=\"noopener\">Guardian<\/a>. Here I want to focus on the Goal on justice. Goal 16 is to<em>\u00a0Promote peaceful and inclusive societies for sustainable development, provide access to justice for all and build effective, accountable and inclusive institutions at all levels.<\/em>\u00a0Under it lie 10 ambitious and quite diverse targets:<\/p>\n<blockquote><p><em>16.1 Significantly reduce all forms of violence and related death rates everywhere<\/em><\/p>\n<p>16.2 End abuse, exploitation, trafficking and all forms of violence against and torture of children<\/p>\n<p>16.3 Promote the rule of law at the national and international levels and ensure equal access to justice for all<\/p>\n<p>16.4 By 2030, significantly reduce illicit financial and arms flows, strengthen the recovery and return of stolen assets and combat all forms of organized crime<\/p>\n<p>16.5 Substantially reduce corruption and bribery in all their forms<\/p>\n<p>16.6 Develop effective, accountable and transparent institutions at all levels<\/p>\n<p>16.7 Ensure responsive, inclusive, participatory and representative decision-making at all levels<\/p>\n<p>16.8 Broaden and strengthen the participation of developing countries in the institutions of global governance<\/p>\n<p>16.9 By 2030, provide legal identity for all, including birth registration<\/p>\n<p>16.10 Ensure public access to information and protect fundamental freedoms, in accordance with national legislation and international agreements<\/p>\n<p>16.a Strengthen relevant national institutions, including through international cooperation, for building capacity at all levels, in particular in developing countries, to prevent violence and combat terrorism and crime<\/p>\n<p><em>16.b Promote and enforce non-discriminatory laws and policies for sustainable development<\/em><\/p><\/blockquote>\n<p>We see commitment to a number of\u00a0<em>concepts<\/em>: rule of law at the national and international levels, accountable and transparent institutions, responsive and participatory decision making at all levels (it does not say of what), participation in global governance, access to information, fundamental freedoms, non-discrimination, and sustainable development. Mixed through this we see commitment to dealing with a number of\u00a0<em>problems<\/em>: access to justice, violence, exploitation, trafficking and torture of children, illicit financial and arms flows, the recovery and return of stolen assets, organized crime, corruption and bribery in all their forms, legal identity for all, and, of course, terrorism.<\/p>\n<p>After many years of working in international diplomacy and justice change, lofty goals like this always make me a bit cynical. Within Goal 16, let alone in the SDG document as a whole, I see\u00a0<em>many\u00a0<\/em>goals. This while I was so fond of the simplicity of the 8 MDGs. I also see so many goals for which I find it incredibly difficult to envisage clear indicators for success (the one exception being the legal identity goal). This while the MDGs and the Bill and Melinda Gates Foundation have taught us: clear indicators work.<\/p>\n<p>At the same time, Goal 16 is incredibly hopeful. The most critical justice issues I\u2019d want to see on a global agenda are covered in some way or another. I can picture countless civil society organisations interpreting Goal 16 and its 10 targets and invoking them left, right and center for the next 15 years. I can see state donors, philanthropic foundations, academics and civil society organisations getting together to work very hard on indicators, which will result in a multitude of them. I can see budgets of governments adjusting to many of these goals. I can see Goal 16 seeping into the agenda of other international and regional organisations. It will turn up in the media every now and then. I can even see the Heads of State and Government and High Representatives meeting in 5 years to look at progress.<\/p>\n<p>A key paragraph in the document is the \u201cFollow-up and Review\u201d paragraph. It has a commitment to\u00a0<em>\u201cengage in systematic follow-up and review of implementation of this Agenda over the next fifteen years. A robust, voluntary, effective, participatory, transparent and integrated follow-up and review framework will make a vital contribution to implementation and will help countries to maximize and track progress in implementing this Agenda.\u201d\u00a0<\/em>Sounds good. But this is followed by a worrying paragraph. The follow-up and review processes\u00a0<em>\u201cwill be voluntary and country-led, will take into account different national realities, capacities and levels of development and will respect policy space and priorities. As national ownership is key to achieving sustainable development, the outcome from national level processes will be the foundation for reviews at regional and global levels, given that the global review will be primarily based on national official data sources.\u201d<\/em>\u00a0While national ownership and national realities are hugely important, the fact that regional and global review processes can only be based on official national data sources and that there a huge amount of wriggle room in producing those data sources, does not bode well. I can see a group of governments who are quite content with this. At the same time, I am buoyed by reality: I try to fathom how these governments, in this day and age and in the next 15 years, will be able to control data production about their progress or lack of it on Goal 16. My organization is, for instance, already working on a tool to get justice data from social media.<\/p>\n<p>All in all, we should be pleased with Goal 16. It represents progress and tremendous opportunity. We should thank the many people who worked tirelessly to negotiate it.<\/p>\n<p><em>This blog first appeared on\u00a0<a class=\" external\" href=\"http:\/\/www.slaw.ca\/2015\/08\/31\/the-2030-agenda-for-sustainable-development-justice\/\" target=\"_blank\" rel=\"noopener\">slaw.ca<\/a>, Canada\u2019s online legal magazine.<\/em><\/p>\n","protected":false},"excerpt":{"rendered":"<p>On 11 August, the co-facilitators of the process that had to produce the successors to the\u00a0Millennium Development Goals (MDGs)\u00a0sent a letter to the President of the UN General Assembly that their mission had been accomplished. In diplomatic speak: an\u00a0outcome documentcontaining a draft of the Sustainable Development Goals (SDGs) had been adopted by consensus. In the [&hellip;]<\/p>\n","protected":false},"author":6,"featured_media":2100,"comment_status":"closed","ping_status":"open","sticky":false,"template":"","format":"standard","meta":{"_acf_changed":false,"footnotes":""},"categories":[4],"tags":[71,85],"class_list":["post-2099","post","type-post","status-publish","format-standard","has-post-thumbnail","hentry","category-news","tag-justice-leadership","tag-sdg-16"],"acf":[],"yoast_head":"<!-- This site is optimized with the Yoast SEO plugin v27.3 - https:\/\/yoast.com\/product\/yoast-seo-wordpress\/ -->\n<title>The 2030 Agenda for Sustainable Development &amp; Justice - HiiL<\/title>\n<meta name=\"robots\" content=\"index, follow, max-snippet:-1, max-image-preview:large, max-video-preview:-1\" \/>\n<link rel=\"canonical\" href=\"https:\/\/www.hiil.org\/fr\/news\/the-2030-agenda-for-sustainable-development-justice\/\" \/>\n<meta property=\"og:locale\" content=\"fr_FR\" \/>\n<meta property=\"og:type\" content=\"article\" \/>\n<meta property=\"og:title\" content=\"The 2030 Agenda for Sustainable Development &amp; Justice - HiiL\" \/>\n<meta property=\"og:description\" content=\"On 11 August, the co-facilitators of the process that had to produce the successors to the\u00a0Millennium Development Goals (MDGs)\u00a0sent a letter to the President of the UN General Assembly that their mission had been accomplished. In diplomatic speak: an\u00a0outcome documentcontaining a draft of the Sustainable Development Goals (SDGs) had been adopted by consensus. In the [&hellip;]\" \/>\n<meta property=\"og:url\" content=\"https:\/\/www.hiil.org\/fr\/news\/the-2030-agenda-for-sustainable-development-justice\/\" \/>\n<meta property=\"og:site_name\" content=\"HiiL\" \/>\n<meta property=\"article:publisher\" content=\"https:\/\/www.facebook.com\/UserFriendlyJustice\/\" \/>\n<meta property=\"article:published_time\" content=\"2015-08-31T08:05:57+00:00\" \/>\n<meta property=\"article:modified_time\" content=\"2021-09-09T13:30:37+00:00\" \/>\n<meta property=\"og:image\" content=\"https:\/\/www.hiil.org\/wp-content\/uploads\/2018\/09\/Justice-hill.jpg\" \/>\n\t<meta property=\"og:image:width\" content=\"646\" \/>\n\t<meta property=\"og:image:height\" content=\"300\" \/>\n\t<meta property=\"og:image:type\" content=\"image\/jpeg\" \/>\n<meta name=\"author\" content=\"janvandorth\" \/>\n<meta name=\"twitter:card\" content=\"summary_large_image\" \/>\n<meta name=\"twitter:creator\" content=\"@InnoJustice\" \/>\n<meta name=\"twitter:site\" content=\"@InnoJustice\" \/>\n<meta name=\"twitter:label1\" content=\"\u00c9crit par\" \/>\n\t<meta name=\"twitter:data1\" content=\"janvandorth\" \/>\n\t<meta name=\"twitter:label2\" content=\"Dur\u00e9e de lecture estim\u00e9e\" \/>\n\t<meta name=\"twitter:data2\" content=\"6 minutes\" \/>\n<script type=\"application\/ld+json\" class=\"yoast-schema-graph\">{\"@context\":\"https:\\\/\\\/schema.org\",\"@graph\":[{\"@type\":\"Article\",\"@id\":\"https:\\\/\\\/www.hiil.org\\\/fr\\\/news\\\/the-2030-agenda-for-sustainable-development-justice\\\/#article\",\"isPartOf\":{\"@id\":\"https:\\\/\\\/www.hiil.org\\\/fr\\\/news\\\/the-2030-agenda-for-sustainable-development-justice\\\/\"},\"author\":{\"name\":\"janvandorth\",\"@id\":\"https:\\\/\\\/www.hiil.org\\\/fr\\\/#\\\/schema\\\/person\\\/745604bced05033abe29d1294e472d64\"},\"headline\":\"The 2030 Agenda for Sustainable Development &amp; Justice\",\"datePublished\":\"2015-08-31T08:05:57+00:00\",\"dateModified\":\"2021-09-09T13:30:37+00:00\",\"mainEntityOfPage\":{\"@id\":\"https:\\\/\\\/www.hiil.org\\\/fr\\\/news\\\/the-2030-agenda-for-sustainable-development-justice\\\/\"},\"wordCount\":1190,\"publisher\":{\"@id\":\"https:\\\/\\\/www.hiil.org\\\/fr\\\/#organization\"},\"image\":{\"@id\":\"https:\\\/\\\/www.hiil.org\\\/fr\\\/news\\\/the-2030-agenda-for-sustainable-development-justice\\\/#primaryimage\"},\"thumbnailUrl\":\"https:\\\/\\\/www.hiil.org\\\/wp-content\\\/uploads\\\/2018\\\/09\\\/Justice-hill.jpg\",\"keywords\":[\"Justice Leadership\",\"SDG16\"],\"articleSection\":[\"News and Articles\"],\"inLanguage\":\"fr-FR\"},{\"@type\":\"WebPage\",\"@id\":\"https:\\\/\\\/www.hiil.org\\\/fr\\\/news\\\/the-2030-agenda-for-sustainable-development-justice\\\/\",\"url\":\"https:\\\/\\\/www.hiil.org\\\/fr\\\/news\\\/the-2030-agenda-for-sustainable-development-justice\\\/\",\"name\":\"The 2030 Agenda for Sustainable Development &amp; Justice - HiiL\",\"isPartOf\":{\"@id\":\"https:\\\/\\\/www.hiil.org\\\/fr\\\/#website\"},\"primaryImageOfPage\":{\"@id\":\"https:\\\/\\\/www.hiil.org\\\/fr\\\/news\\\/the-2030-agenda-for-sustainable-development-justice\\\/#primaryimage\"},\"image\":{\"@id\":\"https:\\\/\\\/www.hiil.org\\\/fr\\\/news\\\/the-2030-agenda-for-sustainable-development-justice\\\/#primaryimage\"},\"thumbnailUrl\":\"https:\\\/\\\/www.hiil.org\\\/wp-content\\\/uploads\\\/2018\\\/09\\\/Justice-hill.jpg\",\"datePublished\":\"2015-08-31T08:05:57+00:00\",\"dateModified\":\"2021-09-09T13:30:37+00:00\",\"breadcrumb\":{\"@id\":\"https:\\\/\\\/www.hiil.org\\\/fr\\\/news\\\/the-2030-agenda-for-sustainable-development-justice\\\/#breadcrumb\"},\"inLanguage\":\"fr-FR\",\"potentialAction\":[{\"@type\":\"ReadAction\",\"target\":[\"https:\\\/\\\/www.hiil.org\\\/fr\\\/news\\\/the-2030-agenda-for-sustainable-development-justice\\\/\"]}]},{\"@type\":\"ImageObject\",\"inLanguage\":\"fr-FR\",\"@id\":\"https:\\\/\\\/www.hiil.org\\\/fr\\\/news\\\/the-2030-agenda-for-sustainable-development-justice\\\/#primaryimage\",\"url\":\"https:\\\/\\\/www.hiil.org\\\/wp-content\\\/uploads\\\/2018\\\/09\\\/Justice-hill.jpg\",\"contentUrl\":\"https:\\\/\\\/www.hiil.org\\\/wp-content\\\/uploads\\\/2018\\\/09\\\/Justice-hill.jpg\",\"width\":646,\"height\":300,\"caption\":\"Justice hill\"},{\"@type\":\"BreadcrumbList\",\"@id\":\"https:\\\/\\\/www.hiil.org\\\/fr\\\/news\\\/the-2030-agenda-for-sustainable-development-justice\\\/#breadcrumb\",\"itemListElement\":[{\"@type\":\"ListItem\",\"position\":1,\"name\":\"Home\",\"item\":\"https:\\\/\\\/www.hiil.org\\\/fr\\\/\"},{\"@type\":\"ListItem\",\"position\":2,\"name\":\"The 2030 Agenda for Sustainable Development &amp; Justice\"}]},{\"@type\":\"WebSite\",\"@id\":\"https:\\\/\\\/www.hiil.org\\\/fr\\\/#website\",\"url\":\"https:\\\/\\\/www.hiil.org\\\/fr\\\/\",\"name\":\"HiiL\",\"description\":\"Pour une justice ax\u00e9e sur les personnes\",\"publisher\":{\"@id\":\"https:\\\/\\\/www.hiil.org\\\/fr\\\/#organization\"},\"potentialAction\":[{\"@type\":\"SearchAction\",\"target\":{\"@type\":\"EntryPoint\",\"urlTemplate\":\"https:\\\/\\\/www.hiil.org\\\/fr\\\/?s={search_term_string}\"},\"query-input\":{\"@type\":\"PropertyValueSpecification\",\"valueRequired\":true,\"valueName\":\"search_term_string\"}}],\"inLanguage\":\"fr-FR\"},{\"@type\":\"Organization\",\"@id\":\"https:\\\/\\\/www.hiil.org\\\/fr\\\/#organization\",\"name\":\"HiiL\",\"url\":\"https:\\\/\\\/www.hiil.org\\\/fr\\\/\",\"logo\":{\"@type\":\"ImageObject\",\"inLanguage\":\"fr-FR\",\"@id\":\"https:\\\/\\\/www.hiil.org\\\/fr\\\/#\\\/schema\\\/logo\\\/image\\\/\",\"url\":\"https:\\\/\\\/www.hiil.org\\\/wp-content\\\/uploads\\\/2018\\\/06\\\/temp_logo-e1528749988588.png\",\"contentUrl\":\"https:\\\/\\\/www.hiil.org\\\/wp-content\\\/uploads\\\/2018\\\/06\\\/temp_logo-e1528749988588.png\",\"width\":112,\"height\":67,\"caption\":\"HiiL\"},\"image\":{\"@id\":\"https:\\\/\\\/www.hiil.org\\\/fr\\\/#\\\/schema\\\/logo\\\/image\\\/\"},\"sameAs\":[\"https:\\\/\\\/www.facebook.com\\\/UserFriendlyJustice\\\/\",\"https:\\\/\\\/x.com\\\/InnoJustice\",\"https:\\\/\\\/www.instagram.com\\\/userfriendlyjustice\\\/\",\"https:\\\/\\\/www.linkedin.com\\\/company\\\/hiil-hague-institute-for-internationalisation-of-law\\\/\"]},{\"@type\":\"Person\",\"@id\":\"https:\\\/\\\/www.hiil.org\\\/fr\\\/#\\\/schema\\\/person\\\/745604bced05033abe29d1294e472d64\",\"name\":\"janvandorth\",\"image\":{\"@type\":\"ImageObject\",\"inLanguage\":\"fr-FR\",\"@id\":\"https:\\\/\\\/secure.gravatar.com\\\/avatar\\\/011a52d01b73486daac4b50a5acc6657325a785fabf26940cfdd8277d373fac7?s=96&d=mm&r=g\",\"url\":\"https:\\\/\\\/secure.gravatar.com\\\/avatar\\\/011a52d01b73486daac4b50a5acc6657325a785fabf26940cfdd8277d373fac7?s=96&d=mm&r=g\",\"contentUrl\":\"https:\\\/\\\/secure.gravatar.com\\\/avatar\\\/011a52d01b73486daac4b50a5acc6657325a785fabf26940cfdd8277d373fac7?s=96&d=mm&r=g\",\"caption\":\"janvandorth\"},\"url\":\"https:\\\/\\\/www.hiil.org\\\/fr\\\/author\\\/janvandorth\\\/\"}]}<\/script>\n<!-- \/ Yoast SEO plugin. -->","yoast_head_json":{"title":"The 2030 Agenda for Sustainable Development &amp; Justice - HiiL","robots":{"index":"index","follow":"follow","max-snippet":"max-snippet:-1","max-image-preview":"max-image-preview:large","max-video-preview":"max-video-preview:-1"},"canonical":"https:\/\/www.hiil.org\/fr\/news\/the-2030-agenda-for-sustainable-development-justice\/","og_locale":"fr_FR","og_type":"article","og_title":"The 2030 Agenda for Sustainable Development &amp; Justice - HiiL","og_description":"On 11 August, the co-facilitators of the process that had to produce the successors to the\u00a0Millennium Development Goals (MDGs)\u00a0sent a letter to the President of the UN General Assembly that their mission had been accomplished. In diplomatic speak: an\u00a0outcome documentcontaining a draft of the Sustainable Development Goals (SDGs) had been adopted by consensus. In the [&hellip;]","og_url":"https:\/\/www.hiil.org\/fr\/news\/the-2030-agenda-for-sustainable-development-justice\/","og_site_name":"HiiL","article_publisher":"https:\/\/www.facebook.com\/UserFriendlyJustice\/","article_published_time":"2015-08-31T08:05:57+00:00","article_modified_time":"2021-09-09T13:30:37+00:00","og_image":[{"width":646,"height":300,"url":"https:\/\/www.hiil.org\/wp-content\/uploads\/2018\/09\/Justice-hill.jpg","type":"image\/jpeg"}],"author":"janvandorth","twitter_card":"summary_large_image","twitter_creator":"@InnoJustice","twitter_site":"@InnoJustice","twitter_misc":{"\u00c9crit par":"janvandorth","Dur\u00e9e de lecture estim\u00e9e":"6 minutes"},"schema":{"@context":"https:\/\/schema.org","@graph":[{"@type":"Article","@id":"https:\/\/www.hiil.org\/fr\/news\/the-2030-agenda-for-sustainable-development-justice\/#article","isPartOf":{"@id":"https:\/\/www.hiil.org\/fr\/news\/the-2030-agenda-for-sustainable-development-justice\/"},"author":{"name":"janvandorth","@id":"https:\/\/www.hiil.org\/fr\/#\/schema\/person\/745604bced05033abe29d1294e472d64"},"headline":"The 2030 Agenda for Sustainable Development &amp; Justice","datePublished":"2015-08-31T08:05:57+00:00","dateModified":"2021-09-09T13:30:37+00:00","mainEntityOfPage":{"@id":"https:\/\/www.hiil.org\/fr\/news\/the-2030-agenda-for-sustainable-development-justice\/"},"wordCount":1190,"publisher":{"@id":"https:\/\/www.hiil.org\/fr\/#organization"},"image":{"@id":"https:\/\/www.hiil.org\/fr\/news\/the-2030-agenda-for-sustainable-development-justice\/#primaryimage"},"thumbnailUrl":"https:\/\/www.hiil.org\/wp-content\/uploads\/2018\/09\/Justice-hill.jpg","keywords":["Justice Leadership","SDG16"],"articleSection":["News and Articles"],"inLanguage":"fr-FR"},{"@type":"WebPage","@id":"https:\/\/www.hiil.org\/fr\/news\/the-2030-agenda-for-sustainable-development-justice\/","url":"https:\/\/www.hiil.org\/fr\/news\/the-2030-agenda-for-sustainable-development-justice\/","name":"The 2030 Agenda for Sustainable Development &amp; Justice - HiiL","isPartOf":{"@id":"https:\/\/www.hiil.org\/fr\/#website"},"primaryImageOfPage":{"@id":"https:\/\/www.hiil.org\/fr\/news\/the-2030-agenda-for-sustainable-development-justice\/#primaryimage"},"image":{"@id":"https:\/\/www.hiil.org\/fr\/news\/the-2030-agenda-for-sustainable-development-justice\/#primaryimage"},"thumbnailUrl":"https:\/\/www.hiil.org\/wp-content\/uploads\/2018\/09\/Justice-hill.jpg","datePublished":"2015-08-31T08:05:57+00:00","dateModified":"2021-09-09T13:30:37+00:00","breadcrumb":{"@id":"https:\/\/www.hiil.org\/fr\/news\/the-2030-agenda-for-sustainable-development-justice\/#breadcrumb"},"inLanguage":"fr-FR","potentialAction":[{"@type":"ReadAction","target":["https:\/\/www.hiil.org\/fr\/news\/the-2030-agenda-for-sustainable-development-justice\/"]}]},{"@type":"ImageObject","inLanguage":"fr-FR","@id":"https:\/\/www.hiil.org\/fr\/news\/the-2030-agenda-for-sustainable-development-justice\/#primaryimage","url":"https:\/\/www.hiil.org\/wp-content\/uploads\/2018\/09\/Justice-hill.jpg","contentUrl":"https:\/\/www.hiil.org\/wp-content\/uploads\/2018\/09\/Justice-hill.jpg","width":646,"height":300,"caption":"Justice hill"},{"@type":"BreadcrumbList","@id":"https:\/\/www.hiil.org\/fr\/news\/the-2030-agenda-for-sustainable-development-justice\/#breadcrumb","itemListElement":[{"@type":"ListItem","position":1,"name":"Home","item":"https:\/\/www.hiil.org\/fr\/"},{"@type":"ListItem","position":2,"name":"The 2030 Agenda for Sustainable Development &amp; Justice"}]},{"@type":"WebSite","@id":"https:\/\/www.hiil.org\/fr\/#website","url":"https:\/\/www.hiil.org\/fr\/","name":"HiiL","description":"Pour une justice ax\u00e9e sur les personnes","publisher":{"@id":"https:\/\/www.hiil.org\/fr\/#organization"},"potentialAction":[{"@type":"SearchAction","target":{"@type":"EntryPoint","urlTemplate":"https:\/\/www.hiil.org\/fr\/?s={search_term_string}"},"query-input":{"@type":"PropertyValueSpecification","valueRequired":true,"valueName":"search_term_string"}}],"inLanguage":"fr-FR"},{"@type":"Organization","@id":"https:\/\/www.hiil.org\/fr\/#organization","name":"HiiL","url":"https:\/\/www.hiil.org\/fr\/","logo":{"@type":"ImageObject","inLanguage":"fr-FR","@id":"https:\/\/www.hiil.org\/fr\/#\/schema\/logo\/image\/","url":"https:\/\/www.hiil.org\/wp-content\/uploads\/2018\/06\/temp_logo-e1528749988588.png","contentUrl":"https:\/\/www.hiil.org\/wp-content\/uploads\/2018\/06\/temp_logo-e1528749988588.png","width":112,"height":67,"caption":"HiiL"},"image":{"@id":"https:\/\/www.hiil.org\/fr\/#\/schema\/logo\/image\/"},"sameAs":["https:\/\/www.facebook.com\/UserFriendlyJustice\/","https:\/\/x.com\/InnoJustice","https:\/\/www.instagram.com\/userfriendlyjustice\/","https:\/\/www.linkedin.com\/company\/hiil-hague-institute-for-internationalisation-of-law\/"]},{"@type":"Person","@id":"https:\/\/www.hiil.org\/fr\/#\/schema\/person\/745604bced05033abe29d1294e472d64","name":"janvandorth","image":{"@type":"ImageObject","inLanguage":"fr-FR","@id":"https:\/\/secure.gravatar.com\/avatar\/011a52d01b73486daac4b50a5acc6657325a785fabf26940cfdd8277d373fac7?s=96&d=mm&r=g","url":"https:\/\/secure.gravatar.com\/avatar\/011a52d01b73486daac4b50a5acc6657325a785fabf26940cfdd8277d373fac7?s=96&d=mm&r=g","contentUrl":"https:\/\/secure.gravatar.com\/avatar\/011a52d01b73486daac4b50a5acc6657325a785fabf26940cfdd8277d373fac7?s=96&d=mm&r=g","caption":"janvandorth"},"url":"https:\/\/www.hiil.org\/fr\/author\/janvandorth\/"}]}},"_links":{"self":[{"href":"https:\/\/www.hiil.org\/fr\/wp-json\/wp\/v2\/posts\/2099","targetHints":{"allow":["GET"]}}],"collection":[{"href":"https:\/\/www.hiil.org\/fr\/wp-json\/wp\/v2\/posts"}],"about":[{"href":"https:\/\/www.hiil.org\/fr\/wp-json\/wp\/v2\/types\/post"}],"author":[{"embeddable":true,"href":"https:\/\/www.hiil.org\/fr\/wp-json\/wp\/v2\/users\/6"}],"replies":[{"embeddable":true,"href":"https:\/\/www.hiil.org\/fr\/wp-json\/wp\/v2\/comments?post=2099"}],"version-history":[{"count":2,"href":"https:\/\/www.hiil.org\/fr\/wp-json\/wp\/v2\/posts\/2099\/revisions"}],"predecessor-version":[{"id":2103,"href":"https:\/\/www.hiil.org\/fr\/wp-json\/wp\/v2\/posts\/2099\/revisions\/2103"}],"wp:featuredmedia":[{"embeddable":true,"href":"https:\/\/www.hiil.org\/fr\/wp-json\/wp\/v2\/media\/2100"}],"wp:attachment":[{"href":"https:\/\/www.hiil.org\/fr\/wp-json\/wp\/v2\/media?parent=2099"}],"wp:term":[{"taxonomy":"category","embeddable":true,"href":"https:\/\/www.hiil.org\/fr\/wp-json\/wp\/v2\/categories?post=2099"},{"taxonomy":"post_tag","embeddable":true,"href":"https:\/\/www.hiil.org\/fr\/wp-json\/wp\/v2\/tags?post=2099"}],"curies":[{"name":"wp","href":"https:\/\/api.w.org\/{rel}","templated":true}]}}