{"id":12905,"date":"2022-03-28T09:48:04","date_gmt":"2022-03-28T09:48:04","guid":{"rendered":"https:\/\/www.hiil.org\/?p=12905"},"modified":"2022-03-28T14:34:54","modified_gmt":"2022-03-28T14:34:54","slug":"opinion-we-must-talk-about-better-justice-systems","status":"publish","type":"post","link":"https:\/\/www.hiil.org\/fr\/news\/opinion-we-must-talk-about-better-justice-systems\/","title":{"rendered":"Opinion: We must talk about better justice systems"},"content":{"rendered":"\n<div class=\"wp-block-image\"><figure class=\"aligncenter size-large is-resized\"><img fetchpriority=\"high\" decoding=\"async\" src=\"https:\/\/www.hiil.org\/wp-content\/uploads\/2022\/03\/pexels-sora-shimazaki-5673473-1683x1024.jpg\" alt=\"\" class=\"wp-image-12906\" width=\"636\" height=\"387\" srcset=\"https:\/\/www.hiil.org\/wp-content\/uploads\/2022\/03\/pexels-sora-shimazaki-5673473-1683x1024.jpg 1683w, https:\/\/www.hiil.org\/wp-content\/uploads\/2022\/03\/pexels-sora-shimazaki-5673473-300x183.jpg 300w, https:\/\/www.hiil.org\/wp-content\/uploads\/2022\/03\/pexels-sora-shimazaki-5673473-768x467.jpg 768w, https:\/\/www.hiil.org\/wp-content\/uploads\/2022\/03\/pexels-sora-shimazaki-5673473-1536x935.jpg 1536w, https:\/\/www.hiil.org\/wp-content\/uploads\/2022\/03\/pexels-sora-shimazaki-5673473-2048x1246.jpg 2048w\" sizes=\"(max-width: 636px) 100vw, 636px\" \/><figcaption><em><sub>Photo by:&nbsp;<\/sub><\/em><a href=\"https:\/\/www.pexels.com\/@sora-shimazaki?utm_content=attributionCopyText&amp;utm_medium=referral&amp;utm_source=pexels\" target=\"_blank\" rel=\"noreferrer noopener\"><sub>Sora Shimazaki<\/sub><\/a><em><sub>&nbsp;from&nbsp;<\/sub><\/em><a href=\"https:\/\/www.pexels.com\/photo\/group-of-smart-diverse-colleagues-discussing-new-strategy-of-business-5673473\/\" target=\"_blank\" rel=\"noreferrer noopener\"><sub>Pexels<\/sub><\/a><\/figcaption><\/figure><\/div>\n\n\n\n<p>In his report \u201c<a href=\"https:\/\/www.un.org\/en\/content\/common-agenda-report\/\">Our Common Agenda<\/a>,\u201d the <a href=\"https:\/\/www.devex.com\/organizations\/united-nations-un-41567\">United Nations<\/a> secretary-general refers to an \u201cever deeper crisis of trust\u201d and a \u201cfrayed social contract.\u201d The 12,000 leaders that the <a href=\"https:\/\/www.devex.com\/organizations\/world-economic-forum-46616\">World Economic Forum<\/a> surveyed for \u201c<a href=\"https:\/\/www.weforum.org\/reports\/global-risks-report-2022\">The Global Risks Report 2022<\/a>\u201d saw the rising risks of \u201csocial cohesion erosion\u201d and \u201clivelihood crises.\u201d Writing about the \u201c2022 Edelman Trust Barometer\u201d report, Edelman\u2019s CEO <a href=\"https:\/\/www.edelman.com\/trust\/2022-trust-barometer\/breaking-vicious-cycle-distrust\">says<\/a> that distrust \u201cis now society\u2019s default emotion\u201d and that societal fears are becoming more acute.<\/p>\n\n\n\n<p>In their recently updated \u201c<a href=\"https:\/\/www.worldbank.org\/en\/publication\/global-economic-prospects\">Global Economic Prospects<\/a>\u201d and \u201c<a href=\"https:\/\/www.imf.org\/en\/Publications\/WEO\/Issues\/2022\/01\/25\/world-economic-outlook-update-january-2022\">World Economic Outlook<\/a>\u201d reports, the <a href=\"https:\/\/www.devex.com\/organizations\/world-bank-group-38382\">World Bank<\/a> and the <a href=\"https:\/\/www.devex.com\/organizations\/international-monetary-fund-imf-44300\">International Monetary Fund<\/a> highlight the risk of social disruption, based on worrying economic scenarios for emerging economies and the developing world. <a href=\"https:\/\/www.devex.com\/organizations\/oxfam-international-19739\">Oxfam International<\/a> concludes that the low- and middle-income country groups are <a href=\"https:\/\/www.oxfam.org\/en\/research\/inequality-kills\">bearing the brunt<\/a> of the situation the world is in.<\/p>\n\n\n\n<p>Protests are on the rise the world over. People say that they can\u2019t take it anymore. They don\u2019t feel heard. They don\u2019t feel seen.<\/p>\n\n\n\n<div class=\"wp-block-buttons is-layout-flex wp-block-buttons-is-layout-flex\">\n<div class=\"wp-block-button aligncenter\"><a class=\"wp-block-button__link has-white-color has-cyan-bluish-gray-background-color has-text-color has-background\" href=\"https:\/\/www.devex.com\/news\/opinion-we-must-talk-about-better-justice-systems-102840\" target=\"_blank\" rel=\"noreferrer noopener\">Read the entire article at Devex.com<\/a><\/div>\n<\/div>\n\n\n\n<p class=\"has-text-align-center\"><em>Authors: Sam Muller and Maaike de Langen<\/em><\/p>\n\n\n\n<div style=\"height:100px\" aria-hidden=\"true\" class=\"wp-block-spacer\"><\/div>\n","protected":false},"excerpt":{"rendered":"<p>In his report \u201cOur Common Agenda,\u201d the United Nations secretary-general refers to an \u201cever deeper crisis of trust\u201d and a \u201cfrayed social contract.\u201d<\/p>\n","protected":false},"author":37,"featured_media":12906,"comment_status":"closed","ping_status":"closed","sticky":false,"template":"","format":"standard","meta":{"_acf_changed":false,"footnotes":""},"categories":[4],"tags":[85],"class_list":["post-12905","post","type-post","status-publish","format-standard","has-post-thumbnail","hentry","category-news","tag-sdg-16"],"acf":[],"yoast_head":"<!-- This site is optimized with the Yoast SEO plugin v27.3 - https:\/\/yoast.com\/product\/yoast-seo-wordpress\/ -->\n<title>Opinion: We must talk about better justice systems - HiiL<\/title>\n<meta name=\"description\" content=\"In his report \u201cOur Common Agenda,\u201d the United Nations secretary-general refers to an \u201cever deeper crisis of trust\u201d and a \u201cfrayed social contract.\u201d\" \/>\n<meta name=\"robots\" content=\"index, follow, max-snippet:-1, max-image-preview:large, max-video-preview:-1\" \/>\n<link rel=\"canonical\" href=\"https:\/\/www.hiil.org\/fr\/news\/opinion-we-must-talk-about-better-justice-systems\/\" \/>\n<meta property=\"og:locale\" content=\"fr_FR\" \/>\n<meta property=\"og:type\" content=\"article\" \/>\n<meta property=\"og:title\" content=\"Opinion: We must talk about better justice systems - HiiL\" \/>\n<meta property=\"og:description\" content=\"In his report \u201cOur Common Agenda,\u201d the United Nations secretary-general refers to an \u201cever deeper crisis of trust\u201d and a \u201cfrayed social contract.\u201d\" \/>\n<meta property=\"og:url\" content=\"https:\/\/www.hiil.org\/fr\/news\/opinion-we-must-talk-about-better-justice-systems\/\" \/>\n<meta property=\"og:site_name\" content=\"HiiL\" \/>\n<meta property=\"article:publisher\" content=\"https:\/\/www.facebook.com\/UserFriendlyJustice\/\" \/>\n<meta property=\"article:published_time\" content=\"2022-03-28T09:48:04+00:00\" \/>\n<meta property=\"article:modified_time\" content=\"2022-03-28T14:34:54+00:00\" \/>\n<meta property=\"og:image\" content=\"https:\/\/www.hiil.org\/wp-content\/uploads\/2022\/03\/pexels-sora-shimazaki-5673473-scaled.jpg\" \/>\n\t<meta property=\"og:image:width\" content=\"2560\" \/>\n\t<meta property=\"og:image:height\" content=\"1558\" \/>\n\t<meta property=\"og:image:type\" content=\"image\/jpeg\" \/>\n<meta name=\"author\" content=\"gabby\" \/>\n<meta name=\"twitter:card\" content=\"summary_large_image\" \/>\n<meta name=\"twitter:creator\" content=\"@InnoJustice\" \/>\n<meta name=\"twitter:site\" content=\"@InnoJustice\" \/>\n<meta name=\"twitter:label1\" content=\"\u00c9crit par\" \/>\n\t<meta name=\"twitter:data1\" content=\"gabby\" \/>\n\t<meta name=\"twitter:label2\" content=\"Dur\u00e9e de lecture estim\u00e9e\" \/>\n\t<meta name=\"twitter:data2\" content=\"1 minute\" \/>\n<script type=\"application\/ld+json\" class=\"yoast-schema-graph\">{\"@context\":\"https:\\\/\\\/schema.org\",\"@graph\":[{\"@type\":\"Article\",\"@id\":\"https:\\\/\\\/www.hiil.org\\\/fr\\\/news\\\/opinion-we-must-talk-about-better-justice-systems\\\/#article\",\"isPartOf\":{\"@id\":\"https:\\\/\\\/www.hiil.org\\\/fr\\\/news\\\/opinion-we-must-talk-about-better-justice-systems\\\/\"},\"author\":{\"name\":\"gabby\",\"@id\":\"https:\\\/\\\/www.hiil.org\\\/fr\\\/#\\\/schema\\\/person\\\/40b122151dd348e83de89525a0ba67eb\"},\"headline\":\"Opinion: We must talk about better justice systems\",\"datePublished\":\"2022-03-28T09:48:04+00:00\",\"dateModified\":\"2022-03-28T14:34:54+00:00\",\"mainEntityOfPage\":{\"@id\":\"https:\\\/\\\/www.hiil.org\\\/fr\\\/news\\\/opinion-we-must-talk-about-better-justice-systems\\\/\"},\"wordCount\":191,\"publisher\":{\"@id\":\"https:\\\/\\\/www.hiil.org\\\/fr\\\/#organization\"},\"image\":{\"@id\":\"https:\\\/\\\/www.hiil.org\\\/fr\\\/news\\\/opinion-we-must-talk-about-better-justice-systems\\\/#primaryimage\"},\"thumbnailUrl\":\"https:\\\/\\\/www.hiil.org\\\/wp-content\\\/uploads\\\/2022\\\/03\\\/pexels-sora-shimazaki-5673473-scaled.jpg\",\"keywords\":[\"SDG16\"],\"articleSection\":[\"News and Articles\"],\"inLanguage\":\"fr-FR\"},{\"@type\":\"WebPage\",\"@id\":\"https:\\\/\\\/www.hiil.org\\\/fr\\\/news\\\/opinion-we-must-talk-about-better-justice-systems\\\/\",\"url\":\"https:\\\/\\\/www.hiil.org\\\/fr\\\/news\\\/opinion-we-must-talk-about-better-justice-systems\\\/\",\"name\":\"Opinion: We must talk about better justice systems - HiiL\",\"isPartOf\":{\"@id\":\"https:\\\/\\\/www.hiil.org\\\/fr\\\/#website\"},\"primaryImageOfPage\":{\"@id\":\"https:\\\/\\\/www.hiil.org\\\/fr\\\/news\\\/opinion-we-must-talk-about-better-justice-systems\\\/#primaryimage\"},\"image\":{\"@id\":\"https:\\\/\\\/www.hiil.org\\\/fr\\\/news\\\/opinion-we-must-talk-about-better-justice-systems\\\/#primaryimage\"},\"thumbnailUrl\":\"https:\\\/\\\/www.hiil.org\\\/wp-content\\\/uploads\\\/2022\\\/03\\\/pexels-sora-shimazaki-5673473-scaled.jpg\",\"datePublished\":\"2022-03-28T09:48:04+00:00\",\"dateModified\":\"2022-03-28T14:34:54+00:00\",\"description\":\"In his report \u201cOur Common Agenda,\u201d the United Nations secretary-general refers to an \u201cever deeper crisis of trust\u201d and a \u201cfrayed social contract.\u201d\",\"breadcrumb\":{\"@id\":\"https:\\\/\\\/www.hiil.org\\\/fr\\\/news\\\/opinion-we-must-talk-about-better-justice-systems\\\/#breadcrumb\"},\"inLanguage\":\"fr-FR\",\"potentialAction\":[{\"@type\":\"ReadAction\",\"target\":[\"https:\\\/\\\/www.hiil.org\\\/fr\\\/news\\\/opinion-we-must-talk-about-better-justice-systems\\\/\"]}]},{\"@type\":\"ImageObject\",\"inLanguage\":\"fr-FR\",\"@id\":\"https:\\\/\\\/www.hiil.org\\\/fr\\\/news\\\/opinion-we-must-talk-about-better-justice-systems\\\/#primaryimage\",\"url\":\"https:\\\/\\\/www.hiil.org\\\/wp-content\\\/uploads\\\/2022\\\/03\\\/pexels-sora-shimazaki-5673473-scaled.jpg\",\"contentUrl\":\"https:\\\/\\\/www.hiil.org\\\/wp-content\\\/uploads\\\/2022\\\/03\\\/pexels-sora-shimazaki-5673473-scaled.jpg\",\"width\":2560,\"height\":1558},{\"@type\":\"BreadcrumbList\",\"@id\":\"https:\\\/\\\/www.hiil.org\\\/fr\\\/news\\\/opinion-we-must-talk-about-better-justice-systems\\\/#breadcrumb\",\"itemListElement\":[{\"@type\":\"ListItem\",\"position\":1,\"name\":\"Home\",\"item\":\"https:\\\/\\\/www.hiil.org\\\/fr\\\/\"},{\"@type\":\"ListItem\",\"position\":2,\"name\":\"Opinion: We must talk about better justice systems\"}]},{\"@type\":\"WebSite\",\"@id\":\"https:\\\/\\\/www.hiil.org\\\/fr\\\/#website\",\"url\":\"https:\\\/\\\/www.hiil.org\\\/fr\\\/\",\"name\":\"HiiL\",\"description\":\"Pour une justice ax\u00e9e sur les personnes\",\"publisher\":{\"@id\":\"https:\\\/\\\/www.hiil.org\\\/fr\\\/#organization\"},\"potentialAction\":[{\"@type\":\"SearchAction\",\"target\":{\"@type\":\"EntryPoint\",\"urlTemplate\":\"https:\\\/\\\/www.hiil.org\\\/fr\\\/?s={search_term_string}\"},\"query-input\":{\"@type\":\"PropertyValueSpecification\",\"valueRequired\":true,\"valueName\":\"search_term_string\"}}],\"inLanguage\":\"fr-FR\"},{\"@type\":\"Organization\",\"@id\":\"https:\\\/\\\/www.hiil.org\\\/fr\\\/#organization\",\"name\":\"HiiL\",\"url\":\"https:\\\/\\\/www.hiil.org\\\/fr\\\/\",\"logo\":{\"@type\":\"ImageObject\",\"inLanguage\":\"fr-FR\",\"@id\":\"https:\\\/\\\/www.hiil.org\\\/fr\\\/#\\\/schema\\\/logo\\\/image\\\/\",\"url\":\"https:\\\/\\\/www.hiil.org\\\/wp-content\\\/uploads\\\/2018\\\/06\\\/temp_logo-e1528749988588.png\",\"contentUrl\":\"https:\\\/\\\/www.hiil.org\\\/wp-content\\\/uploads\\\/2018\\\/06\\\/temp_logo-e1528749988588.png\",\"width\":112,\"height\":67,\"caption\":\"HiiL\"},\"image\":{\"@id\":\"https:\\\/\\\/www.hiil.org\\\/fr\\\/#\\\/schema\\\/logo\\\/image\\\/\"},\"sameAs\":[\"https:\\\/\\\/www.facebook.com\\\/UserFriendlyJustice\\\/\",\"https:\\\/\\\/x.com\\\/InnoJustice\",\"https:\\\/\\\/www.instagram.com\\\/userfriendlyjustice\\\/\",\"https:\\\/\\\/www.linkedin.com\\\/company\\\/hiil-hague-institute-for-internationalisation-of-law\\\/\"]},{\"@type\":\"Person\",\"@id\":\"https:\\\/\\\/www.hiil.org\\\/fr\\\/#\\\/schema\\\/person\\\/40b122151dd348e83de89525a0ba67eb\",\"name\":\"gabby\",\"image\":{\"@type\":\"ImageObject\",\"inLanguage\":\"fr-FR\",\"@id\":\"https:\\\/\\\/secure.gravatar.com\\\/avatar\\\/c34e6e215864e8ccdbf9df360cdbf599da3469e1ef78c6e1bdecca06e02346eb?s=96&d=mm&r=g\",\"url\":\"https:\\\/\\\/secure.gravatar.com\\\/avatar\\\/c34e6e215864e8ccdbf9df360cdbf599da3469e1ef78c6e1bdecca06e02346eb?s=96&d=mm&r=g\",\"contentUrl\":\"https:\\\/\\\/secure.gravatar.com\\\/avatar\\\/c34e6e215864e8ccdbf9df360cdbf599da3469e1ef78c6e1bdecca06e02346eb?s=96&d=mm&r=g\",\"caption\":\"gabby\"},\"url\":\"https:\\\/\\\/www.hiil.org\\\/fr\\\/author\\\/gabby\\\/\"}]}<\/script>\n<!-- \/ Yoast SEO plugin. -->","yoast_head_json":{"title":"Opinion: We must talk about better justice systems - HiiL","description":"In his report \u201cOur Common Agenda,\u201d the United Nations secretary-general refers to an \u201cever deeper crisis of trust\u201d and a \u201cfrayed social contract.\u201d","robots":{"index":"index","follow":"follow","max-snippet":"max-snippet:-1","max-image-preview":"max-image-preview:large","max-video-preview":"max-video-preview:-1"},"canonical":"https:\/\/www.hiil.org\/fr\/news\/opinion-we-must-talk-about-better-justice-systems\/","og_locale":"fr_FR","og_type":"article","og_title":"Opinion: We must talk about better justice systems - HiiL","og_description":"In his report \u201cOur Common Agenda,\u201d the United Nations secretary-general refers to an \u201cever deeper crisis of trust\u201d and a \u201cfrayed social contract.\u201d","og_url":"https:\/\/www.hiil.org\/fr\/news\/opinion-we-must-talk-about-better-justice-systems\/","og_site_name":"HiiL","article_publisher":"https:\/\/www.facebook.com\/UserFriendlyJustice\/","article_published_time":"2022-03-28T09:48:04+00:00","article_modified_time":"2022-03-28T14:34:54+00:00","og_image":[{"width":2560,"height":1558,"url":"https:\/\/www.hiil.org\/wp-content\/uploads\/2022\/03\/pexels-sora-shimazaki-5673473-scaled.jpg","type":"image\/jpeg"}],"author":"gabby","twitter_card":"summary_large_image","twitter_creator":"@InnoJustice","twitter_site":"@InnoJustice","twitter_misc":{"\u00c9crit par":"gabby","Dur\u00e9e de lecture estim\u00e9e":"1 minute"},"schema":{"@context":"https:\/\/schema.org","@graph":[{"@type":"Article","@id":"https:\/\/www.hiil.org\/fr\/news\/opinion-we-must-talk-about-better-justice-systems\/#article","isPartOf":{"@id":"https:\/\/www.hiil.org\/fr\/news\/opinion-we-must-talk-about-better-justice-systems\/"},"author":{"name":"gabby","@id":"https:\/\/www.hiil.org\/fr\/#\/schema\/person\/40b122151dd348e83de89525a0ba67eb"},"headline":"Opinion: We must talk about better justice systems","datePublished":"2022-03-28T09:48:04+00:00","dateModified":"2022-03-28T14:34:54+00:00","mainEntityOfPage":{"@id":"https:\/\/www.hiil.org\/fr\/news\/opinion-we-must-talk-about-better-justice-systems\/"},"wordCount":191,"publisher":{"@id":"https:\/\/www.hiil.org\/fr\/#organization"},"image":{"@id":"https:\/\/www.hiil.org\/fr\/news\/opinion-we-must-talk-about-better-justice-systems\/#primaryimage"},"thumbnailUrl":"https:\/\/www.hiil.org\/wp-content\/uploads\/2022\/03\/pexels-sora-shimazaki-5673473-scaled.jpg","keywords":["SDG16"],"articleSection":["News and Articles"],"inLanguage":"fr-FR"},{"@type":"WebPage","@id":"https:\/\/www.hiil.org\/fr\/news\/opinion-we-must-talk-about-better-justice-systems\/","url":"https:\/\/www.hiil.org\/fr\/news\/opinion-we-must-talk-about-better-justice-systems\/","name":"Opinion: We must talk about better justice systems - HiiL","isPartOf":{"@id":"https:\/\/www.hiil.org\/fr\/#website"},"primaryImageOfPage":{"@id":"https:\/\/www.hiil.org\/fr\/news\/opinion-we-must-talk-about-better-justice-systems\/#primaryimage"},"image":{"@id":"https:\/\/www.hiil.org\/fr\/news\/opinion-we-must-talk-about-better-justice-systems\/#primaryimage"},"thumbnailUrl":"https:\/\/www.hiil.org\/wp-content\/uploads\/2022\/03\/pexels-sora-shimazaki-5673473-scaled.jpg","datePublished":"2022-03-28T09:48:04+00:00","dateModified":"2022-03-28T14:34:54+00:00","description":"In his report \u201cOur Common Agenda,\u201d the United Nations secretary-general refers to an \u201cever deeper crisis of trust\u201d and a \u201cfrayed social contract.\u201d","breadcrumb":{"@id":"https:\/\/www.hiil.org\/fr\/news\/opinion-we-must-talk-about-better-justice-systems\/#breadcrumb"},"inLanguage":"fr-FR","potentialAction":[{"@type":"ReadAction","target":["https:\/\/www.hiil.org\/fr\/news\/opinion-we-must-talk-about-better-justice-systems\/"]}]},{"@type":"ImageObject","inLanguage":"fr-FR","@id":"https:\/\/www.hiil.org\/fr\/news\/opinion-we-must-talk-about-better-justice-systems\/#primaryimage","url":"https:\/\/www.hiil.org\/wp-content\/uploads\/2022\/03\/pexels-sora-shimazaki-5673473-scaled.jpg","contentUrl":"https:\/\/www.hiil.org\/wp-content\/uploads\/2022\/03\/pexels-sora-shimazaki-5673473-scaled.jpg","width":2560,"height":1558},{"@type":"BreadcrumbList","@id":"https:\/\/www.hiil.org\/fr\/news\/opinion-we-must-talk-about-better-justice-systems\/#breadcrumb","itemListElement":[{"@type":"ListItem","position":1,"name":"Home","item":"https:\/\/www.hiil.org\/fr\/"},{"@type":"ListItem","position":2,"name":"Opinion: We must talk about better justice systems"}]},{"@type":"WebSite","@id":"https:\/\/www.hiil.org\/fr\/#website","url":"https:\/\/www.hiil.org\/fr\/","name":"HiiL","description":"Pour une justice ax\u00e9e sur les personnes","publisher":{"@id":"https:\/\/www.hiil.org\/fr\/#organization"},"potentialAction":[{"@type":"SearchAction","target":{"@type":"EntryPoint","urlTemplate":"https:\/\/www.hiil.org\/fr\/?s={search_term_string}"},"query-input":{"@type":"PropertyValueSpecification","valueRequired":true,"valueName":"search_term_string"}}],"inLanguage":"fr-FR"},{"@type":"Organization","@id":"https:\/\/www.hiil.org\/fr\/#organization","name":"HiiL","url":"https:\/\/www.hiil.org\/fr\/","logo":{"@type":"ImageObject","inLanguage":"fr-FR","@id":"https:\/\/www.hiil.org\/fr\/#\/schema\/logo\/image\/","url":"https:\/\/www.hiil.org\/wp-content\/uploads\/2018\/06\/temp_logo-e1528749988588.png","contentUrl":"https:\/\/www.hiil.org\/wp-content\/uploads\/2018\/06\/temp_logo-e1528749988588.png","width":112,"height":67,"caption":"HiiL"},"image":{"@id":"https:\/\/www.hiil.org\/fr\/#\/schema\/logo\/image\/"},"sameAs":["https:\/\/www.facebook.com\/UserFriendlyJustice\/","https:\/\/x.com\/InnoJustice","https:\/\/www.instagram.com\/userfriendlyjustice\/","https:\/\/www.linkedin.com\/company\/hiil-hague-institute-for-internationalisation-of-law\/"]},{"@type":"Person","@id":"https:\/\/www.hiil.org\/fr\/#\/schema\/person\/40b122151dd348e83de89525a0ba67eb","name":"gabby","image":{"@type":"ImageObject","inLanguage":"fr-FR","@id":"https:\/\/secure.gravatar.com\/avatar\/c34e6e215864e8ccdbf9df360cdbf599da3469e1ef78c6e1bdecca06e02346eb?s=96&d=mm&r=g","url":"https:\/\/secure.gravatar.com\/avatar\/c34e6e215864e8ccdbf9df360cdbf599da3469e1ef78c6e1bdecca06e02346eb?s=96&d=mm&r=g","contentUrl":"https:\/\/secure.gravatar.com\/avatar\/c34e6e215864e8ccdbf9df360cdbf599da3469e1ef78c6e1bdecca06e02346eb?s=96&d=mm&r=g","caption":"gabby"},"url":"https:\/\/www.hiil.org\/fr\/author\/gabby\/"}]}},"_links":{"self":[{"href":"https:\/\/www.hiil.org\/fr\/wp-json\/wp\/v2\/posts\/12905","targetHints":{"allow":["GET"]}}],"collection":[{"href":"https:\/\/www.hiil.org\/fr\/wp-json\/wp\/v2\/posts"}],"about":[{"href":"https:\/\/www.hiil.org\/fr\/wp-json\/wp\/v2\/types\/post"}],"author":[{"embeddable":true,"href":"https:\/\/www.hiil.org\/fr\/wp-json\/wp\/v2\/users\/37"}],"replies":[{"embeddable":true,"href":"https:\/\/www.hiil.org\/fr\/wp-json\/wp\/v2\/comments?post=12905"}],"version-history":[{"count":9,"href":"https:\/\/www.hiil.org\/fr\/wp-json\/wp\/v2\/posts\/12905\/revisions"}],"predecessor-version":[{"id":12945,"href":"https:\/\/www.hiil.org\/fr\/wp-json\/wp\/v2\/posts\/12905\/revisions\/12945"}],"wp:featuredmedia":[{"embeddable":true,"href":"https:\/\/www.hiil.org\/fr\/wp-json\/wp\/v2\/media\/12906"}],"wp:attachment":[{"href":"https:\/\/www.hiil.org\/fr\/wp-json\/wp\/v2\/media?parent=12905"}],"wp:term":[{"taxonomy":"category","embeddable":true,"href":"https:\/\/www.hiil.org\/fr\/wp-json\/wp\/v2\/categories?post=12905"},{"taxonomy":"post_tag","embeddable":true,"href":"https:\/\/www.hiil.org\/fr\/wp-json\/wp\/v2\/tags?post=12905"}],"curies":[{"name":"wp","href":"https:\/\/api.w.org\/{rel}","templated":true}]}}