{"id":12202,"date":"2021-12-06T14:10:52","date_gmt":"2021-12-06T14:10:52","guid":{"rendered":"https:\/\/www.hiil.org\/?p=12202"},"modified":"2022-03-29T14:59:22","modified_gmt":"2022-03-29T14:59:22","slug":"the-promise-of-people-centred-justice","status":"publish","type":"post","link":"https:\/\/www.hiil.org\/fr\/news\/the-promise-of-people-centred-justice\/","title":{"rendered":"The promise of people-centred justice"},"content":{"rendered":"\n<p><em>We can strengthen justice systems by putting people and the outcomes they need first. This approach leads to sustainable solutions but also brings impressive social and economic benefits. In this policy brief, we share what is emerging about developing and implementing national people-centred justice programmes.<\/em><\/p>\n\n\n\n<div class=\"wp-block-image\"><figure class=\"aligncenter size-large is-resized\"><img fetchpriority=\"high\" decoding=\"async\" src=\"https:\/\/www.hiil.org\/wp-content\/uploads\/2021\/12\/Screenshot-2021-12-06-at-15.02.57-1529x1024.png\" alt=\"\" class=\"wp-image-12207\" width=\"539\" height=\"360\" srcset=\"https:\/\/www.hiil.org\/wp-content\/uploads\/2021\/12\/Screenshot-2021-12-06-at-15.02.57-1529x1024.png 1529w, https:\/\/www.hiil.org\/wp-content\/uploads\/2021\/12\/Screenshot-2021-12-06-at-15.02.57-300x201.png 300w, https:\/\/www.hiil.org\/wp-content\/uploads\/2021\/12\/Screenshot-2021-12-06-at-15.02.57-768x514.png 768w, https:\/\/www.hiil.org\/wp-content\/uploads\/2021\/12\/Screenshot-2021-12-06-at-15.02.57-1536x1028.png 1536w, https:\/\/www.hiil.org\/wp-content\/uploads\/2021\/12\/Screenshot-2021-12-06-at-15.02.57-2048x1371.png 2048w\" sizes=\"(max-width: 539px) 100vw, 539px\" \/><\/figure><\/div>\n\n\n\n<p>In September 2021, the UN Secretary-General presented his agenda for the tremendous challenges the world is facing as the UN celebrates its 75 anniversary. In his report &lsquo;Our Common Agenda,&rsquo; Ant\u00f3nio Guterres makes two important observations to the UN member states:&nbsp; first, the troubling erosion of the social contract and second, the inadequate response of justice systems which \u00ab\u00a0deliver only for the few.\u00a0\u00bb<\/p>\n\n\n\n<p>Data backs this up. The most pressing justice problems occur when jobs, housing, land, family relationships or public services essential for survival are at stake. Only 32% of people experiencing a justice problem report that it is resolved in a satisfactory way. Furthermore, 7% use a court or some other form of tribunal. And only 8% get advice from a lawyer or another professional.<\/p>\n\n\n\n<blockquote class=\"wp-block-quote is-layout-flow wp-block-quote-is-layout-flow\"><p><strong>There is growing recognition of a new paradigm that can help us deal with the challenge of achieving SDG16.3 &#8211; access to justice for all: people-centred justice.<\/strong><\/p><\/blockquote>\n\n\n\n<p>The good news is that countries are becoming more successful in providing security and preventing crime. But the highly regarded Rule of Law Index shows that more safety does not equal more justice. Indicators suggest that the protection of human rights is deteriorating over the past 5 years.<\/p>\n\n\n\n<p>All told, the justice gap is widening and leaving an indelible mark on people&rsquo;s lives and well-being.&nbsp;<\/p>\n\n\n\n<p>However, a concrete approach is emerging. It comes from the pioneering work of many including the Task Force on Justice, Pathfinders for Justice, the OECD, the Portuguese EU Presidency, World Justice Project, Namati, Open Society Justice Initiative, the Elders and more. The elements of the emerging approach can be described in many ways. This policy brief attempts to bring the elements together in an integrated approach and details five main investments:<\/p>\n\n\n\n<ol class=\"wp-block-list\"><li>Data<\/li><li>Evidence-based practice<\/li><li>Gamechanging justice services<\/li><li>Enabling Environment<\/li><li>Engagement and accountability<\/li><\/ol>\n\n\n\n<div class=\"wp-block-image\"><figure class=\"aligncenter size-large is-resized\"><img decoding=\"async\" src=\"https:\/\/www.hiil.org\/wp-content\/uploads\/2021\/06\/5-pillarsfull.svg\" alt=\"\" class=\"wp-image-10953\" width=\"537\" height=\"534\"\/><\/figure><\/div>\n\n\n\n<p>Each of the five elements has been tried and tested in different environments; a people-centred justice programme brings them together. The approach is modular and integrated. It can be accompanied by a solid business case in terms of social and economic benefits. It can provide the assurances investors need.<\/p>\n\n\n\n<p>Now is the time to start to understand this way of programming and to help develop it further.<\/p>\n\n\n\n<div class=\"wp-block-buttons is-vertical is-content-justification-center is-layout-flex wp-container-core-buttons-is-layout-4649e89c wp-block-buttons-is-layout-flex\">\n<div class=\"wp-block-button\"><a class=\"wp-block-button__link has-white-color has-luminous-vivid-orange-background-color has-text-color has-background\" href=\"https:\/\/www.hiil.org\/wp-content\/uploads\/2021\/12\/HiiL-Policy-Brief-PCJ-Programmes.pdf\" target=\"_blank\" rel=\"noreferrer noopener\">Read the Policy Brief (EN)  <\/a><\/div>\n<\/div>\n\n\n\n<p class=\"has-text-align-center\"><a href=\"https:\/\/www.hiil.org\/wp-content\/uploads\/2022\/01\/HiiL-Policy-Brief-2021-01-PCJ-Programmes-Francais.pdf\">Lire la note d&rsquo;orientation (FR)<\/a><\/p>\n\n\n\n<p class=\"has-text-align-center\"> <a href=\"https:\/\/www.hiil.org\/wp-content\/uploads\/2022\/03\/HiiL-Policy-Brief-2021-01-PCJ-Programmes-Arabic.pdf\">(AR) \u0627\u0644\u0631\u062c\u0627\u0621 \u0642\u0631\u0627\u0621\u0629 \u0645\u0648\u062c\u0632 \u0627\u0644\u0633\u064a\u0627\u0633\u0629 \u0627\u0644\u0639\u0627\u0645\u0629<\/a><\/p>\n\n\n\n<div style=\"height:100px\" aria-hidden=\"true\" class=\"wp-block-spacer\"><\/div>\n","protected":false},"excerpt":{"rendered":"<p>We can strengthen justice systems by putting people and the outcomes they need first. This approach leads to sustainable solutions but also brings impressive social and economic benefits. In this policy brief, we share what is emerging about developing and implementing national people-centred justice programmes.<\/p>\n","protected":false},"author":37,"featured_media":12496,"comment_status":"closed","ping_status":"closed","sticky":false,"template":"","format":"standard","meta":{"_acf_changed":false,"footnotes":""},"categories":[4],"tags":[71,255,85],"class_list":["post-12202","post","type-post","status-publish","format-standard","has-post-thumbnail","hentry","category-news","tag-justice-leadership","tag-policy-brief","tag-sdg-16"],"acf":[],"yoast_head":"<!-- This site is optimized with the Yoast SEO plugin v27.3 - https:\/\/yoast.com\/product\/yoast-seo-wordpress\/ -->\n<title>The promise of people-centred justice - HiiL<\/title>\n<meta name=\"description\" content=\"In this policy brief, we share what is emerging about developing and implementing national people-centred justice programmes.\" \/>\n<meta name=\"robots\" content=\"index, follow, max-snippet:-1, max-image-preview:large, max-video-preview:-1\" \/>\n<link rel=\"canonical\" href=\"https:\/\/www.hiil.org\/fr\/news\/the-promise-of-people-centred-justice\/\" \/>\n<meta property=\"og:locale\" content=\"fr_FR\" \/>\n<meta property=\"og:type\" content=\"article\" \/>\n<meta property=\"og:title\" content=\"The promise of people-centred justice - HiiL\" \/>\n<meta property=\"og:description\" content=\"In this policy brief, we share what is emerging about developing and implementing national people-centred justice programmes.\" \/>\n<meta property=\"og:url\" content=\"https:\/\/www.hiil.org\/fr\/news\/the-promise-of-people-centred-justice\/\" \/>\n<meta property=\"og:site_name\" content=\"HiiL\" \/>\n<meta property=\"article:publisher\" content=\"https:\/\/www.facebook.com\/UserFriendlyJustice\/\" \/>\n<meta property=\"article:published_time\" content=\"2021-12-06T14:10:52+00:00\" \/>\n<meta property=\"article:modified_time\" content=\"2022-03-29T14:59:22+00:00\" \/>\n<meta property=\"og:image\" content=\"https:\/\/www.hiil.org\/wp-content\/uploads\/2022\/02\/Screenshot-2021-12-06.jpg\" \/>\n\t<meta property=\"og:image:width\" content=\"1056\" \/>\n\t<meta property=\"og:image:height\" content=\"707\" \/>\n\t<meta property=\"og:image:type\" content=\"image\/jpeg\" \/>\n<meta name=\"author\" content=\"gabby\" \/>\n<meta name=\"twitter:card\" content=\"summary_large_image\" \/>\n<meta name=\"twitter:creator\" content=\"@InnoJustice\" \/>\n<meta name=\"twitter:site\" content=\"@InnoJustice\" \/>\n<meta name=\"twitter:label1\" content=\"\u00c9crit par\" \/>\n\t<meta name=\"twitter:data1\" content=\"gabby\" \/>\n\t<meta name=\"twitter:label2\" content=\"Dur\u00e9e de lecture estim\u00e9e\" \/>\n\t<meta name=\"twitter:data2\" content=\"3 minutes\" \/>\n<script type=\"application\/ld+json\" class=\"yoast-schema-graph\">{\"@context\":\"https:\\\/\\\/schema.org\",\"@graph\":[{\"@type\":\"Article\",\"@id\":\"https:\\\/\\\/www.hiil.org\\\/fr\\\/news\\\/the-promise-of-people-centred-justice\\\/#article\",\"isPartOf\":{\"@id\":\"https:\\\/\\\/www.hiil.org\\\/fr\\\/news\\\/the-promise-of-people-centred-justice\\\/\"},\"author\":{\"name\":\"gabby\",\"@id\":\"https:\\\/\\\/www.hiil.org\\\/fr\\\/#\\\/schema\\\/person\\\/40b122151dd348e83de89525a0ba67eb\"},\"headline\":\"The promise of people-centred justice\",\"datePublished\":\"2021-12-06T14:10:52+00:00\",\"dateModified\":\"2022-03-29T14:59:22+00:00\",\"mainEntityOfPage\":{\"@id\":\"https:\\\/\\\/www.hiil.org\\\/fr\\\/news\\\/the-promise-of-people-centred-justice\\\/\"},\"wordCount\":428,\"publisher\":{\"@id\":\"https:\\\/\\\/www.hiil.org\\\/fr\\\/#organization\"},\"image\":{\"@id\":\"https:\\\/\\\/www.hiil.org\\\/fr\\\/news\\\/the-promise-of-people-centred-justice\\\/#primaryimage\"},\"thumbnailUrl\":\"https:\\\/\\\/www.hiil.org\\\/wp-content\\\/uploads\\\/2022\\\/02\\\/Screenshot-2021-12-06.jpg\",\"keywords\":[\"Justice Leadership\",\"Policy Brief\",\"SDG16\"],\"articleSection\":[\"News and Articles\"],\"inLanguage\":\"fr-FR\"},{\"@type\":\"WebPage\",\"@id\":\"https:\\\/\\\/www.hiil.org\\\/fr\\\/news\\\/the-promise-of-people-centred-justice\\\/\",\"url\":\"https:\\\/\\\/www.hiil.org\\\/fr\\\/news\\\/the-promise-of-people-centred-justice\\\/\",\"name\":\"The promise of people-centred justice - HiiL\",\"isPartOf\":{\"@id\":\"https:\\\/\\\/www.hiil.org\\\/fr\\\/#website\"},\"primaryImageOfPage\":{\"@id\":\"https:\\\/\\\/www.hiil.org\\\/fr\\\/news\\\/the-promise-of-people-centred-justice\\\/#primaryimage\"},\"image\":{\"@id\":\"https:\\\/\\\/www.hiil.org\\\/fr\\\/news\\\/the-promise-of-people-centred-justice\\\/#primaryimage\"},\"thumbnailUrl\":\"https:\\\/\\\/www.hiil.org\\\/wp-content\\\/uploads\\\/2022\\\/02\\\/Screenshot-2021-12-06.jpg\",\"datePublished\":\"2021-12-06T14:10:52+00:00\",\"dateModified\":\"2022-03-29T14:59:22+00:00\",\"description\":\"In this policy brief, we share what is emerging about developing and implementing national people-centred justice programmes.\",\"breadcrumb\":{\"@id\":\"https:\\\/\\\/www.hiil.org\\\/fr\\\/news\\\/the-promise-of-people-centred-justice\\\/#breadcrumb\"},\"inLanguage\":\"fr-FR\",\"potentialAction\":[{\"@type\":\"ReadAction\",\"target\":[\"https:\\\/\\\/www.hiil.org\\\/fr\\\/news\\\/the-promise-of-people-centred-justice\\\/\"]}]},{\"@type\":\"ImageObject\",\"inLanguage\":\"fr-FR\",\"@id\":\"https:\\\/\\\/www.hiil.org\\\/fr\\\/news\\\/the-promise-of-people-centred-justice\\\/#primaryimage\",\"url\":\"https:\\\/\\\/www.hiil.org\\\/wp-content\\\/uploads\\\/2022\\\/02\\\/Screenshot-2021-12-06.jpg\",\"contentUrl\":\"https:\\\/\\\/www.hiil.org\\\/wp-content\\\/uploads\\\/2022\\\/02\\\/Screenshot-2021-12-06.jpg\",\"width\":1056,\"height\":707},{\"@type\":\"BreadcrumbList\",\"@id\":\"https:\\\/\\\/www.hiil.org\\\/fr\\\/news\\\/the-promise-of-people-centred-justice\\\/#breadcrumb\",\"itemListElement\":[{\"@type\":\"ListItem\",\"position\":1,\"name\":\"Home\",\"item\":\"https:\\\/\\\/www.hiil.org\\\/fr\\\/\"},{\"@type\":\"ListItem\",\"position\":2,\"name\":\"The promise of people-centred justice\"}]},{\"@type\":\"WebSite\",\"@id\":\"https:\\\/\\\/www.hiil.org\\\/fr\\\/#website\",\"url\":\"https:\\\/\\\/www.hiil.org\\\/fr\\\/\",\"name\":\"HiiL\",\"description\":\"Pour une justice ax\u00e9e sur les personnes\",\"publisher\":{\"@id\":\"https:\\\/\\\/www.hiil.org\\\/fr\\\/#organization\"},\"potentialAction\":[{\"@type\":\"SearchAction\",\"target\":{\"@type\":\"EntryPoint\",\"urlTemplate\":\"https:\\\/\\\/www.hiil.org\\\/fr\\\/?s={search_term_string}\"},\"query-input\":{\"@type\":\"PropertyValueSpecification\",\"valueRequired\":true,\"valueName\":\"search_term_string\"}}],\"inLanguage\":\"fr-FR\"},{\"@type\":\"Organization\",\"@id\":\"https:\\\/\\\/www.hiil.org\\\/fr\\\/#organization\",\"name\":\"HiiL\",\"url\":\"https:\\\/\\\/www.hiil.org\\\/fr\\\/\",\"logo\":{\"@type\":\"ImageObject\",\"inLanguage\":\"fr-FR\",\"@id\":\"https:\\\/\\\/www.hiil.org\\\/fr\\\/#\\\/schema\\\/logo\\\/image\\\/\",\"url\":\"https:\\\/\\\/www.hiil.org\\\/wp-content\\\/uploads\\\/2018\\\/06\\\/temp_logo-e1528749988588.png\",\"contentUrl\":\"https:\\\/\\\/www.hiil.org\\\/wp-content\\\/uploads\\\/2018\\\/06\\\/temp_logo-e1528749988588.png\",\"width\":112,\"height\":67,\"caption\":\"HiiL\"},\"image\":{\"@id\":\"https:\\\/\\\/www.hiil.org\\\/fr\\\/#\\\/schema\\\/logo\\\/image\\\/\"},\"sameAs\":[\"https:\\\/\\\/www.facebook.com\\\/UserFriendlyJustice\\\/\",\"https:\\\/\\\/x.com\\\/InnoJustice\",\"https:\\\/\\\/www.instagram.com\\\/userfriendlyjustice\\\/\",\"https:\\\/\\\/www.linkedin.com\\\/company\\\/hiil-hague-institute-for-internationalisation-of-law\\\/\"]},{\"@type\":\"Person\",\"@id\":\"https:\\\/\\\/www.hiil.org\\\/fr\\\/#\\\/schema\\\/person\\\/40b122151dd348e83de89525a0ba67eb\",\"name\":\"gabby\",\"image\":{\"@type\":\"ImageObject\",\"inLanguage\":\"fr-FR\",\"@id\":\"https:\\\/\\\/secure.gravatar.com\\\/avatar\\\/c34e6e215864e8ccdbf9df360cdbf599da3469e1ef78c6e1bdecca06e02346eb?s=96&d=mm&r=g\",\"url\":\"https:\\\/\\\/secure.gravatar.com\\\/avatar\\\/c34e6e215864e8ccdbf9df360cdbf599da3469e1ef78c6e1bdecca06e02346eb?s=96&d=mm&r=g\",\"contentUrl\":\"https:\\\/\\\/secure.gravatar.com\\\/avatar\\\/c34e6e215864e8ccdbf9df360cdbf599da3469e1ef78c6e1bdecca06e02346eb?s=96&d=mm&r=g\",\"caption\":\"gabby\"},\"url\":\"https:\\\/\\\/www.hiil.org\\\/fr\\\/author\\\/gabby\\\/\"}]}<\/script>\n<!-- \/ Yoast SEO plugin. -->","yoast_head_json":{"title":"The promise of people-centred justice - HiiL","description":"In this policy brief, we share what is emerging about developing and implementing national people-centred justice programmes.","robots":{"index":"index","follow":"follow","max-snippet":"max-snippet:-1","max-image-preview":"max-image-preview:large","max-video-preview":"max-video-preview:-1"},"canonical":"https:\/\/www.hiil.org\/fr\/news\/the-promise-of-people-centred-justice\/","og_locale":"fr_FR","og_type":"article","og_title":"The promise of people-centred justice - HiiL","og_description":"In this policy brief, we share what is emerging about developing and implementing national people-centred justice programmes.","og_url":"https:\/\/www.hiil.org\/fr\/news\/the-promise-of-people-centred-justice\/","og_site_name":"HiiL","article_publisher":"https:\/\/www.facebook.com\/UserFriendlyJustice\/","article_published_time":"2021-12-06T14:10:52+00:00","article_modified_time":"2022-03-29T14:59:22+00:00","og_image":[{"width":1056,"height":707,"url":"https:\/\/www.hiil.org\/wp-content\/uploads\/2022\/02\/Screenshot-2021-12-06.jpg","type":"image\/jpeg"}],"author":"gabby","twitter_card":"summary_large_image","twitter_creator":"@InnoJustice","twitter_site":"@InnoJustice","twitter_misc":{"\u00c9crit par":"gabby","Dur\u00e9e de lecture estim\u00e9e":"3 minutes"},"schema":{"@context":"https:\/\/schema.org","@graph":[{"@type":"Article","@id":"https:\/\/www.hiil.org\/fr\/news\/the-promise-of-people-centred-justice\/#article","isPartOf":{"@id":"https:\/\/www.hiil.org\/fr\/news\/the-promise-of-people-centred-justice\/"},"author":{"name":"gabby","@id":"https:\/\/www.hiil.org\/fr\/#\/schema\/person\/40b122151dd348e83de89525a0ba67eb"},"headline":"The promise of people-centred justice","datePublished":"2021-12-06T14:10:52+00:00","dateModified":"2022-03-29T14:59:22+00:00","mainEntityOfPage":{"@id":"https:\/\/www.hiil.org\/fr\/news\/the-promise-of-people-centred-justice\/"},"wordCount":428,"publisher":{"@id":"https:\/\/www.hiil.org\/fr\/#organization"},"image":{"@id":"https:\/\/www.hiil.org\/fr\/news\/the-promise-of-people-centred-justice\/#primaryimage"},"thumbnailUrl":"https:\/\/www.hiil.org\/wp-content\/uploads\/2022\/02\/Screenshot-2021-12-06.jpg","keywords":["Justice Leadership","Policy Brief","SDG16"],"articleSection":["News and Articles"],"inLanguage":"fr-FR"},{"@type":"WebPage","@id":"https:\/\/www.hiil.org\/fr\/news\/the-promise-of-people-centred-justice\/","url":"https:\/\/www.hiil.org\/fr\/news\/the-promise-of-people-centred-justice\/","name":"The promise of people-centred justice - HiiL","isPartOf":{"@id":"https:\/\/www.hiil.org\/fr\/#website"},"primaryImageOfPage":{"@id":"https:\/\/www.hiil.org\/fr\/news\/the-promise-of-people-centred-justice\/#primaryimage"},"image":{"@id":"https:\/\/www.hiil.org\/fr\/news\/the-promise-of-people-centred-justice\/#primaryimage"},"thumbnailUrl":"https:\/\/www.hiil.org\/wp-content\/uploads\/2022\/02\/Screenshot-2021-12-06.jpg","datePublished":"2021-12-06T14:10:52+00:00","dateModified":"2022-03-29T14:59:22+00:00","description":"In this policy brief, we share what is emerging about developing and implementing national people-centred justice programmes.","breadcrumb":{"@id":"https:\/\/www.hiil.org\/fr\/news\/the-promise-of-people-centred-justice\/#breadcrumb"},"inLanguage":"fr-FR","potentialAction":[{"@type":"ReadAction","target":["https:\/\/www.hiil.org\/fr\/news\/the-promise-of-people-centred-justice\/"]}]},{"@type":"ImageObject","inLanguage":"fr-FR","@id":"https:\/\/www.hiil.org\/fr\/news\/the-promise-of-people-centred-justice\/#primaryimage","url":"https:\/\/www.hiil.org\/wp-content\/uploads\/2022\/02\/Screenshot-2021-12-06.jpg","contentUrl":"https:\/\/www.hiil.org\/wp-content\/uploads\/2022\/02\/Screenshot-2021-12-06.jpg","width":1056,"height":707},{"@type":"BreadcrumbList","@id":"https:\/\/www.hiil.org\/fr\/news\/the-promise-of-people-centred-justice\/#breadcrumb","itemListElement":[{"@type":"ListItem","position":1,"name":"Home","item":"https:\/\/www.hiil.org\/fr\/"},{"@type":"ListItem","position":2,"name":"The promise of people-centred justice"}]},{"@type":"WebSite","@id":"https:\/\/www.hiil.org\/fr\/#website","url":"https:\/\/www.hiil.org\/fr\/","name":"HiiL","description":"Pour une justice ax\u00e9e sur les personnes","publisher":{"@id":"https:\/\/www.hiil.org\/fr\/#organization"},"potentialAction":[{"@type":"SearchAction","target":{"@type":"EntryPoint","urlTemplate":"https:\/\/www.hiil.org\/fr\/?s={search_term_string}"},"query-input":{"@type":"PropertyValueSpecification","valueRequired":true,"valueName":"search_term_string"}}],"inLanguage":"fr-FR"},{"@type":"Organization","@id":"https:\/\/www.hiil.org\/fr\/#organization","name":"HiiL","url":"https:\/\/www.hiil.org\/fr\/","logo":{"@type":"ImageObject","inLanguage":"fr-FR","@id":"https:\/\/www.hiil.org\/fr\/#\/schema\/logo\/image\/","url":"https:\/\/www.hiil.org\/wp-content\/uploads\/2018\/06\/temp_logo-e1528749988588.png","contentUrl":"https:\/\/www.hiil.org\/wp-content\/uploads\/2018\/06\/temp_logo-e1528749988588.png","width":112,"height":67,"caption":"HiiL"},"image":{"@id":"https:\/\/www.hiil.org\/fr\/#\/schema\/logo\/image\/"},"sameAs":["https:\/\/www.facebook.com\/UserFriendlyJustice\/","https:\/\/x.com\/InnoJustice","https:\/\/www.instagram.com\/userfriendlyjustice\/","https:\/\/www.linkedin.com\/company\/hiil-hague-institute-for-internationalisation-of-law\/"]},{"@type":"Person","@id":"https:\/\/www.hiil.org\/fr\/#\/schema\/person\/40b122151dd348e83de89525a0ba67eb","name":"gabby","image":{"@type":"ImageObject","inLanguage":"fr-FR","@id":"https:\/\/secure.gravatar.com\/avatar\/c34e6e215864e8ccdbf9df360cdbf599da3469e1ef78c6e1bdecca06e02346eb?s=96&d=mm&r=g","url":"https:\/\/secure.gravatar.com\/avatar\/c34e6e215864e8ccdbf9df360cdbf599da3469e1ef78c6e1bdecca06e02346eb?s=96&d=mm&r=g","contentUrl":"https:\/\/secure.gravatar.com\/avatar\/c34e6e215864e8ccdbf9df360cdbf599da3469e1ef78c6e1bdecca06e02346eb?s=96&d=mm&r=g","caption":"gabby"},"url":"https:\/\/www.hiil.org\/fr\/author\/gabby\/"}]}},"_links":{"self":[{"href":"https:\/\/www.hiil.org\/fr\/wp-json\/wp\/v2\/posts\/12202","targetHints":{"allow":["GET"]}}],"collection":[{"href":"https:\/\/www.hiil.org\/fr\/wp-json\/wp\/v2\/posts"}],"about":[{"href":"https:\/\/www.hiil.org\/fr\/wp-json\/wp\/v2\/types\/post"}],"author":[{"embeddable":true,"href":"https:\/\/www.hiil.org\/fr\/wp-json\/wp\/v2\/users\/37"}],"replies":[{"embeddable":true,"href":"https:\/\/www.hiil.org\/fr\/wp-json\/wp\/v2\/comments?post=12202"}],"version-history":[{"count":14,"href":"https:\/\/www.hiil.org\/fr\/wp-json\/wp\/v2\/posts\/12202\/revisions"}],"predecessor-version":[{"id":12714,"href":"https:\/\/www.hiil.org\/fr\/wp-json\/wp\/v2\/posts\/12202\/revisions\/12714"}],"wp:featuredmedia":[{"embeddable":true,"href":"https:\/\/www.hiil.org\/fr\/wp-json\/wp\/v2\/media\/12496"}],"wp:attachment":[{"href":"https:\/\/www.hiil.org\/fr\/wp-json\/wp\/v2\/media?parent=12202"}],"wp:term":[{"taxonomy":"category","embeddable":true,"href":"https:\/\/www.hiil.org\/fr\/wp-json\/wp\/v2\/categories?post=12202"},{"taxonomy":"post_tag","embeddable":true,"href":"https:\/\/www.hiil.org\/fr\/wp-json\/wp\/v2\/tags?post=12202"}],"curies":[{"name":"wp","href":"https:\/\/api.w.org\/{rel}","templated":true}]}}