{"id":10292,"date":"2021-02-17T14:53:27","date_gmt":"2021-02-17T14:53:27","guid":{"rendered":"https:\/\/www.hiil.org\/?p=10292"},"modified":"2021-02-17T14:55:04","modified_gmt":"2021-02-17T14:55:04","slug":"making-people-centered-justice-work","status":"publish","type":"post","link":"https:\/\/www.hiil.org\/fr\/news\/making-people-centered-justice-work\/","title":{"rendered":"The 2021 Innovating Justice Forum: Making people-centered justice work"},"content":{"rendered":"\n<p class=\"has-drop-cap\">From 8-10 February, The Hague Institute for Innovation of Law (HiiL) welcomed hundreds of justice practitioners and thought-leaders from around the world for the 2021 Innovating Justice Forum. The three-day virtual conference featured innovators, lawyers, judges, investors, ministers, and academics to discuss developing and financing people-centred justice. Altogether, the gathering formed a people-centred justice movement committed to the mission of achieving equal access to justice for all by 2030.<\/p>\n\n\n\n<figure class=\"wp-block-image\"><img decoding=\"async\" src=\"https:\/\/lh5.googleusercontent.com\/0FUFQqDVwW1UZd-QihaoHhswl0Bk59SPUrYp8itCT2IX5_4WPocQyl9Kl3vyxCxhelLIFSGJtaoLjI8xmduqHcnbJl5YD7h4zRIObqgCpODcPklUrbxJpbdfvqG_qmwK3YF2J4w\" alt=\"\" \/><figcaption><em>Mr Paul Neo, H.E. Abdullah Al Majid, Judge Ginger L. Wren and Ms Michala Mackay on \u201cGovernment as an Innovator: seeking the right leadership\u201d, 9 February 2021<\/em><\/figcaption><\/figure>\n\n\n\n<h2 class=\"wp-block-heading\"><strong>Delivery Justice, Rigorously&nbsp;<\/strong><\/h2>\n\n\n\n<p><strong>Day 1<\/strong><\/p>\n\n\n\n<p>On Day 1, participants focussed on \u00ab\u00a0Making people-centred justice happen.\u00a0\u00bb The day began with 21 prominent justice innovators from Africa, MENA and Ukraine making innovator pitches of their \u2018gamechanging\u2019 solutions, tools, and platforms for realising people-centred justice. The presenters represented numerous countries and had their innovations judged on four criteria: team, sustainability, scalability and impact.<\/p>\n\n\n\n<p>Day 1 also saw the launch of HiiL\u2019s 2021 Trend Report: <em>Delivering Justice, Rigorously.<\/em> The report details task forces as solutions to create \u201cenabling environments\u00a0\u00bb and realise people-centred justice. \u201cWe need a different framework,\u201d said Maurits Barendrecht, Director of Research &amp; Development at HiiL. \u201cPeople don\u2019t need judgements, they need solutions.\u201d <a href=\"https:\/\/www.hiil.org\/projects\/delivering-justice-rigorously-sdg-16-3-trend-report-2021\/\">Read the report here<\/a>.<\/p>\n\n\n\n<div class=\"wp-block-image is-style-default\"><figure class=\"aligncenter is-resized\"><a href=\"https:\/\/www.hiil.org\/projects\/delivering-justice-rigorously-sdg-16-3-trend-report-2021\/\"><img fetchpriority=\"high\" decoding=\"async\" src=\"https:\/\/lh6.googleusercontent.com\/GUlX4NtcX5MSOkTbQZRfsR4fq8ZfezXpPggxL_QauQGKRm62_0iV-ZHrYTf7Su22TUllapajt0pZUVxA1YGdy7ZcqoKyuaPRfR_ykrP9ND66J7h_AGuMnNhIk3sjdMoIU1McMFY\" alt=\"\" width=\"408\" height=\"468\" \/><\/a><\/figure><\/div>\n\n\n\n<p>Maurits continued, \u201cAt HiiL, we believe in learning. These task forces already exist around the world, but many focus on what is not working rather than improving what already does. Bringing about people-centred justice is not easy but with learning, data, and leadership, we can convert what is hard into what is possible.\u201d <a href=\"https:\/\/innovatingjusticeforum.hiil.org\/updates\/day-1-recap-innovating-justice-forum-2021\/\" target=\"_blank\" rel=\"noreferrer noopener\">Click here for a recap of more highlights from Day 1.&nbsp;<\/a><\/p>\n\n\n\n<p><strong>Day 2<\/strong><\/p>\n\n\n\n<p>The theme for Day 2 emphasised \u201cBringing people-centred justice to national agendas.\u201d Throughout the day, speakers and panelists examined case studies and experiences to highlight challenges and possible interventions needed to encourage national governments of their role in promoting people-centred justice. The sessions also considered \u201cthe right leadership\u201d.<\/p>\n\n\n\n<p>\u201cStrong leadership isn&rsquo;t only about institutional reforms but also requires examining people&rsquo;s experiences within justice systems,\u201d said Alejandro Alvarez, Director of the Rule of Law Unit Executive Office of the Secretary-General at the United Nations. \u201cPublic servants and individuals must account for how people experience their respective issues and search for ways to solve people\u2019s problems.\u201d<\/p>\n\n\n\n<p>During a \u2018fire-side chat\u2019 exchange, HiiL\u2019s very own Rachel Ampaire, Programme Manager with the Uganda team, and Edgar Kuhimbisa, Information, Communications and Technology Officer with the Justice Law and Order Sector (JLOS \u2013 Uganda) discussed lessons from the HiiL &#8211; JLOS partnership, and ongoing <a href=\"https:\/\/www.hiil.org\/projects\/?_sft_country=uganda\" target=\"_blank\" rel=\"noreferrer noopener\">HiiL projects in Uganda<\/a>.&nbsp;<\/p>\n\n\n\n<p>The second day wrapped up with an interactive panel titled, <em>Government as an innovator: seeking the right leadership<\/em>. \u201cFrom desperation comes innovation, from crisis to opportunity; we [all] need to find innovative ways to resolve disputes and conflicts,\u201d said Judge Ginger Lerner-Wren, a county court judge in the Criminal Division of the 17th Judicial Circuit, Broward County, Florida. \u201cWe need Gamechangers, leaders, and governments all to come forward to make justice innovation work.\u201d <a href=\"https:\/\/innovatingjusticeforum.hiil.org\/updates\/day-2-innovating-justice-forum-2021\/\" target=\"_blank\" rel=\"noreferrer noopener\">Learn more about Day 2<\/a>.&nbsp;<\/p>\n\n\n\n<p><strong>Day 3<\/strong><\/p>\n\n\n\n<p>On the third and final day, the Forum addressed \u00ab\u00a0Funding for people-centred justice\u00a0\u00bb, introducing the money-question to the conversation. Participants probed various types of funding from both the public and private sectors and explored how governments, donor agencies, and the private sector can support gamechanging justice initiatives. Aniket Doegar of Haqdarshak said: \u00ab\u00a0When we first applied for the HiiL Accelerator we were reaching about 1000 families a month. We are now reaching over 200,000 families a month. At the end of the day the most important things are your unit economics and your plan for scaling.\u201d&nbsp;<\/p>\n\n\n\n<p>We, as a local government, have a responsibility to act,\u201d said Saskia Bruines, Deputy Mayor of The Hague. \u00ab\u00a0Data and research show us the need but only offer advice. And because cities provide many services, we play an important role increasing access to justice. We can bring the right people to the table to achieve the right results based on local needs.\u00a0\u00bb <a href=\"https:\/\/innovatingjusticeforum.hiil.org\/updates\/day-3-recap-the-innovating-justice-forum-2021\/\" target=\"_blank\" rel=\"noreferrer noopener\">Click here for a recap of highlights from Day 3<\/a>.<\/p>\n\n\n\n<p>In short, the 2021 Innovating Justice Forum offered justice sector innovators, practitioners, and decision-makers a space to exchange ideas and recommit to delivering justice more effectively in communities around the world. We saw concrete examples of gamechanging justice initiatives that work. We saw a shared ambition by justice leadership to open up the justice sector more to innovation. And we saw the need to make funding part of the conversation when we speak about justice innovation.&nbsp;<\/p>\n\n\n\n<p>\u201cInequality and access to justice are closely related,\u201d said Birgitta Tazelaar, Deputy Director General for International Cooperation at the Dutch Ministry of Foreign Affairs. \u201cYou are here because you have contributed innovative solutions to think of real ways to make people\u2019s lives better.\u00a0\u00bb<\/p>\n\n\n\n<div style=\"height:37px\" aria-hidden=\"true\" class=\"wp-block-spacer\"><\/div>\n\n\n\n<p class=\"has-text-align-left\">To learn more about HiiL&rsquo;s Innovating Justice Forum, visit: <a href=\"https:\/\/innovatingjusticeforum.hiil.org\/\">https:\/\/innovatingjusticeforum.hiil.org\/<\/a><\/p>\n\n\n\n<p>You can also check our YouTube page for recap videos, and our Twitter account for the live updates of the Forum: <\/p>\n\n\n\n<ul class=\"wp-block-social-links aligncenter is-layout-flex wp-block-social-links-is-layout-flex\"><li class=\"wp-social-link wp-social-link-youtube  wp-block-social-link\"><a href=\"https:\/\/www.youtube.com\/c\/HiiLTheHague\/videos\" class=\"wp-block-social-link-anchor\"><svg width=\"24\" height=\"24\" viewBox=\"0 0 24 24\" version=\"1.1\" xmlns=\"http:\/\/www.w3.org\/2000\/svg\" aria-hidden=\"true\" focusable=\"false\"><path d=\"M21.8,8.001c0,0-0.195-1.378-0.795-1.985c-0.76-0.797-1.613-0.801-2.004-0.847c-2.799-0.202-6.997-0.202-6.997-0.202 h-0.009c0,0-4.198,0-6.997,0.202C4.608,5.216,3.756,5.22,2.995,6.016C2.395,6.623,2.2,8.001,2.2,8.001S2,9.62,2,11.238v1.517 c0,1.618,0.2,3.237,0.2,3.237s0.195,1.378,0.795,1.985c0.761,0.797,1.76,0.771,2.205,0.855c1.6,0.153,6.8,0.201,6.8,0.201 s4.203-0.006,7.001-0.209c0.391-0.047,1.243-0.051,2.004-0.847c0.6-0.607,0.795-1.985,0.795-1.985s0.2-1.618,0.2-3.237v-1.517 C22,9.62,21.8,8.001,21.8,8.001z M9.935,14.594l-0.001-5.62l5.404,2.82L9.935,14.594z\"><\/path><\/svg><span class=\"wp-block-social-link-label screen-reader-text\">YouTube<\/span><\/a><\/li>\n\n<li class=\"wp-social-link wp-social-link-twitter  wp-block-social-link\"><a href=\"https:\/\/twitter.com\/InnoJustice\" class=\"wp-block-social-link-anchor\"><svg width=\"24\" height=\"24\" viewBox=\"0 0 24 24\" version=\"1.1\" xmlns=\"http:\/\/www.w3.org\/2000\/svg\" aria-hidden=\"true\" focusable=\"false\"><path d=\"M22.23,5.924c-0.736,0.326-1.527,0.547-2.357,0.646c0.847-0.508,1.498-1.312,1.804-2.27 c-0.793,0.47-1.671,0.812-2.606,0.996C18.324,4.498,17.257,4,16.077,4c-2.266,0-4.103,1.837-4.103,4.103 c0,0.322,0.036,0.635,0.106,0.935C8.67,8.867,5.647,7.234,3.623,4.751C3.27,5.357,3.067,6.062,3.067,6.814 c0,1.424,0.724,2.679,1.825,3.415c-0.673-0.021-1.305-0.206-1.859-0.513c0,0.017,0,0.034,0,0.052c0,1.988,1.414,3.647,3.292,4.023 c-0.344,0.094-0.707,0.144-1.081,0.144c-0.264,0-0.521-0.026-0.772-0.074c0.522,1.63,2.038,2.816,3.833,2.85 c-1.404,1.1-3.174,1.756-5.096,1.756c-0.331,0-0.658-0.019-0.979-0.057c1.816,1.164,3.973,1.843,6.29,1.843 c7.547,0,11.675-6.252,11.675-11.675c0-0.178-0.004-0.355-0.012-0.531C20.985,7.47,21.68,6.747,22.23,5.924z\"><\/path><\/svg><span class=\"wp-block-social-link-label screen-reader-text\">Twitter<\/span><\/a><\/li><\/ul>\n\n\n\n<div style=\"height:40px\" aria-hidden=\"true\" class=\"wp-block-spacer\"><\/div>\n\n\n\n<h2 class=\"wp-block-heading\"><strong>Further Reading:<\/strong><\/h2>\n\n\n\n<ul class=\"has-pale-cyan-blue-color has-text-color wp-block-list\"><li><a href=\"https:\/\/innovatingjusticeforum.hiil.org\/\">2021 Innovating Justice Forum<\/a><\/li><li><a href=\"https:\/\/dashboard.hiil.org\/trend-report-2021-delivering-justice\/\">Trend Report: Delivering Justice, Rigorously<\/a><\/li><li><a href=\"https:\/\/dashboard.hiil.org\/\">The Justice Dashboard: Data stories and research<\/a><\/li><li><a href=\"https:\/\/innovatingjusticeforum.hiil.org\/updates\/day-1-recap-innovating-justice-forum-2021\/\">Day 1 Recap: Innovating Justice Forum 2021<\/a><\/li><li><a href=\"https:\/\/innovatingjusticeforum.hiil.org\/updates\/day-2-innovating-justice-forum-2021\/\">Day 2 Recap: Innovating Justice Forum 2021<\/a><\/li><li><a href=\"https:\/\/www.hiil.org\/news\/bridging-the-justice-gap-with-gamechanging-services\/\">Bridging the justice gap with \u2018Gamechanging\u2019 services<\/a><\/li><\/ul>\n","protected":false},"excerpt":{"rendered":"<p>From 8-10 February, The Hague Institute for Innovation of Law (HiiL) welcomed hundreds of justice practitioners and thought-leaders from around the world for the 2021 Innovating Justice Forum. The three-day virtual conference featured innovators, lawyers, judges, investors, ministers, and academics to discuss developing and financing people-centred justice. Altogether, the gathering formed a people-centred justice movement [&hellip;]<\/p>\n","protected":false},"author":37,"featured_media":10246,"comment_status":"closed","ping_status":"closed","sticky":false,"template":"","format":"standard","meta":{"_acf_changed":false,"footnotes":""},"categories":[1,4],"tags":[213,73],"class_list":["post-10292","post","type-post","status-publish","format-standard","has-post-thumbnail","hentry","category-events","category-news","tag-gamechangers","tag-innovating-justice-forum"],"acf":[],"yoast_head":"<!-- This site is optimized with the Yoast SEO plugin v27.3 - https:\/\/yoast.com\/product\/yoast-seo-wordpress\/ -->\n<title>The 2021 Innovating Justice Forum: Making people-centered justice work - HiiL<\/title>\n<meta name=\"description\" content=\"HiiL welcomed hundreds of justice practitioners and thought-leaders from around the world for the 2021 Innovating Justice Forum. The three-day virtual conference featured innovators, lawyers, judges, investors, ministers, and academics to discuss developing and financing people-centred justice.\" \/>\n<meta name=\"robots\" content=\"index, follow, max-snippet:-1, max-image-preview:large, max-video-preview:-1\" \/>\n<link rel=\"canonical\" href=\"https:\/\/www.hiil.org\/fr\/news\/making-people-centered-justice-work\/\" \/>\n<meta property=\"og:locale\" content=\"fr_FR\" \/>\n<meta property=\"og:type\" content=\"article\" \/>\n<meta property=\"og:title\" content=\"The 2021 Innovating Justice Forum: Making people-centered justice work - HiiL\" \/>\n<meta property=\"og:description\" content=\"HiiL welcomed hundreds of justice practitioners and thought-leaders from around the world for the 2021 Innovating Justice Forum. The three-day virtual conference featured innovators, lawyers, judges, investors, ministers, and academics to discuss developing and financing people-centred justice.\" \/>\n<meta property=\"og:url\" content=\"https:\/\/www.hiil.org\/fr\/news\/making-people-centered-justice-work\/\" \/>\n<meta property=\"og:site_name\" content=\"HiiL\" \/>\n<meta property=\"article:publisher\" content=\"https:\/\/www.facebook.com\/UserFriendlyJustice\/\" \/>\n<meta property=\"article:published_time\" content=\"2021-02-17T14:53:27+00:00\" \/>\n<meta property=\"article:modified_time\" content=\"2021-02-17T14:55:04+00:00\" \/>\n<meta property=\"og:image\" content=\"https:\/\/www.hiil.org\/wp-content\/uploads\/2021\/02\/Optimized-IJF-background-FB-try-59-1.jpg\" \/>\n\t<meta property=\"og:image:width\" content=\"1200\" \/>\n\t<meta property=\"og:image:height\" content=\"675\" \/>\n\t<meta property=\"og:image:type\" content=\"image\/jpeg\" \/>\n<meta name=\"author\" content=\"gabby\" \/>\n<meta name=\"twitter:card\" content=\"summary_large_image\" \/>\n<meta name=\"twitter:creator\" content=\"@InnoJustice\" \/>\n<meta name=\"twitter:site\" content=\"@InnoJustice\" \/>\n<meta name=\"twitter:label1\" content=\"\u00c9crit par\" \/>\n\t<meta name=\"twitter:data1\" content=\"gabby\" \/>\n\t<meta name=\"twitter:label2\" content=\"Dur\u00e9e de lecture estim\u00e9e\" \/>\n\t<meta name=\"twitter:data2\" content=\"5 minutes\" \/>\n<script type=\"application\/ld+json\" class=\"yoast-schema-graph\">{\"@context\":\"https:\\\/\\\/schema.org\",\"@graph\":[{\"@type\":\"Article\",\"@id\":\"https:\\\/\\\/www.hiil.org\\\/fr\\\/news\\\/making-people-centered-justice-work\\\/#article\",\"isPartOf\":{\"@id\":\"https:\\\/\\\/www.hiil.org\\\/fr\\\/news\\\/making-people-centered-justice-work\\\/\"},\"author\":{\"name\":\"gabby\",\"@id\":\"https:\\\/\\\/www.hiil.org\\\/fr\\\/#\\\/schema\\\/person\\\/40b122151dd348e83de89525a0ba67eb\"},\"headline\":\"The 2021 Innovating Justice Forum: Making people-centered justice work\",\"datePublished\":\"2021-02-17T14:53:27+00:00\",\"dateModified\":\"2021-02-17T14:55:04+00:00\",\"mainEntityOfPage\":{\"@id\":\"https:\\\/\\\/www.hiil.org\\\/fr\\\/news\\\/making-people-centered-justice-work\\\/\"},\"wordCount\":868,\"publisher\":{\"@id\":\"https:\\\/\\\/www.hiil.org\\\/fr\\\/#organization\"},\"image\":{\"@id\":\"https:\\\/\\\/www.hiil.org\\\/fr\\\/news\\\/making-people-centered-justice-work\\\/#primaryimage\"},\"thumbnailUrl\":\"https:\\\/\\\/www.hiil.org\\\/wp-content\\\/uploads\\\/2021\\\/02\\\/Optimized-IJF-background-FB-try-59-1.jpg\",\"keywords\":[\"Gamechangers\",\"Innovating Justice Forum\"],\"articleSection\":[\"Events\",\"News and Articles\"],\"inLanguage\":\"fr-FR\"},{\"@type\":\"WebPage\",\"@id\":\"https:\\\/\\\/www.hiil.org\\\/fr\\\/news\\\/making-people-centered-justice-work\\\/\",\"url\":\"https:\\\/\\\/www.hiil.org\\\/fr\\\/news\\\/making-people-centered-justice-work\\\/\",\"name\":\"The 2021 Innovating Justice Forum: Making people-centered justice work - HiiL\",\"isPartOf\":{\"@id\":\"https:\\\/\\\/www.hiil.org\\\/fr\\\/#website\"},\"primaryImageOfPage\":{\"@id\":\"https:\\\/\\\/www.hiil.org\\\/fr\\\/news\\\/making-people-centered-justice-work\\\/#primaryimage\"},\"image\":{\"@id\":\"https:\\\/\\\/www.hiil.org\\\/fr\\\/news\\\/making-people-centered-justice-work\\\/#primaryimage\"},\"thumbnailUrl\":\"https:\\\/\\\/www.hiil.org\\\/wp-content\\\/uploads\\\/2021\\\/02\\\/Optimized-IJF-background-FB-try-59-1.jpg\",\"datePublished\":\"2021-02-17T14:53:27+00:00\",\"dateModified\":\"2021-02-17T14:55:04+00:00\",\"description\":\"HiiL welcomed hundreds of justice practitioners and thought-leaders from around the world for the 2021 Innovating Justice Forum. The three-day virtual conference featured innovators, lawyers, judges, investors, ministers, and academics to discuss developing and financing people-centred justice.\",\"breadcrumb\":{\"@id\":\"https:\\\/\\\/www.hiil.org\\\/fr\\\/news\\\/making-people-centered-justice-work\\\/#breadcrumb\"},\"inLanguage\":\"fr-FR\",\"potentialAction\":[{\"@type\":\"ReadAction\",\"target\":[\"https:\\\/\\\/www.hiil.org\\\/fr\\\/news\\\/making-people-centered-justice-work\\\/\"]}]},{\"@type\":\"ImageObject\",\"inLanguage\":\"fr-FR\",\"@id\":\"https:\\\/\\\/www.hiil.org\\\/fr\\\/news\\\/making-people-centered-justice-work\\\/#primaryimage\",\"url\":\"https:\\\/\\\/www.hiil.org\\\/wp-content\\\/uploads\\\/2021\\\/02\\\/Optimized-IJF-background-FB-try-59-1.jpg\",\"contentUrl\":\"https:\\\/\\\/www.hiil.org\\\/wp-content\\\/uploads\\\/2021\\\/02\\\/Optimized-IJF-background-FB-try-59-1.jpg\",\"width\":1200,\"height\":675},{\"@type\":\"BreadcrumbList\",\"@id\":\"https:\\\/\\\/www.hiil.org\\\/fr\\\/news\\\/making-people-centered-justice-work\\\/#breadcrumb\",\"itemListElement\":[{\"@type\":\"ListItem\",\"position\":1,\"name\":\"Home\",\"item\":\"https:\\\/\\\/www.hiil.org\\\/fr\\\/\"},{\"@type\":\"ListItem\",\"position\":2,\"name\":\"The 2021 Innovating Justice Forum: Making people-centered justice work\"}]},{\"@type\":\"WebSite\",\"@id\":\"https:\\\/\\\/www.hiil.org\\\/fr\\\/#website\",\"url\":\"https:\\\/\\\/www.hiil.org\\\/fr\\\/\",\"name\":\"HiiL\",\"description\":\"Pour une justice ax\u00e9e sur les personnes\",\"publisher\":{\"@id\":\"https:\\\/\\\/www.hiil.org\\\/fr\\\/#organization\"},\"potentialAction\":[{\"@type\":\"SearchAction\",\"target\":{\"@type\":\"EntryPoint\",\"urlTemplate\":\"https:\\\/\\\/www.hiil.org\\\/fr\\\/?s={search_term_string}\"},\"query-input\":{\"@type\":\"PropertyValueSpecification\",\"valueRequired\":true,\"valueName\":\"search_term_string\"}}],\"inLanguage\":\"fr-FR\"},{\"@type\":\"Organization\",\"@id\":\"https:\\\/\\\/www.hiil.org\\\/fr\\\/#organization\",\"name\":\"HiiL\",\"url\":\"https:\\\/\\\/www.hiil.org\\\/fr\\\/\",\"logo\":{\"@type\":\"ImageObject\",\"inLanguage\":\"fr-FR\",\"@id\":\"https:\\\/\\\/www.hiil.org\\\/fr\\\/#\\\/schema\\\/logo\\\/image\\\/\",\"url\":\"https:\\\/\\\/www.hiil.org\\\/wp-content\\\/uploads\\\/2018\\\/06\\\/temp_logo-e1528749988588.png\",\"contentUrl\":\"https:\\\/\\\/www.hiil.org\\\/wp-content\\\/uploads\\\/2018\\\/06\\\/temp_logo-e1528749988588.png\",\"width\":112,\"height\":67,\"caption\":\"HiiL\"},\"image\":{\"@id\":\"https:\\\/\\\/www.hiil.org\\\/fr\\\/#\\\/schema\\\/logo\\\/image\\\/\"},\"sameAs\":[\"https:\\\/\\\/www.facebook.com\\\/UserFriendlyJustice\\\/\",\"https:\\\/\\\/x.com\\\/InnoJustice\",\"https:\\\/\\\/www.instagram.com\\\/userfriendlyjustice\\\/\",\"https:\\\/\\\/www.linkedin.com\\\/company\\\/hiil-hague-institute-for-internationalisation-of-law\\\/\"]},{\"@type\":\"Person\",\"@id\":\"https:\\\/\\\/www.hiil.org\\\/fr\\\/#\\\/schema\\\/person\\\/40b122151dd348e83de89525a0ba67eb\",\"name\":\"gabby\",\"image\":{\"@type\":\"ImageObject\",\"inLanguage\":\"fr-FR\",\"@id\":\"https:\\\/\\\/secure.gravatar.com\\\/avatar\\\/c34e6e215864e8ccdbf9df360cdbf599da3469e1ef78c6e1bdecca06e02346eb?s=96&d=mm&r=g\",\"url\":\"https:\\\/\\\/secure.gravatar.com\\\/avatar\\\/c34e6e215864e8ccdbf9df360cdbf599da3469e1ef78c6e1bdecca06e02346eb?s=96&d=mm&r=g\",\"contentUrl\":\"https:\\\/\\\/secure.gravatar.com\\\/avatar\\\/c34e6e215864e8ccdbf9df360cdbf599da3469e1ef78c6e1bdecca06e02346eb?s=96&d=mm&r=g\",\"caption\":\"gabby\"},\"url\":\"https:\\\/\\\/www.hiil.org\\\/fr\\\/author\\\/gabby\\\/\"}]}<\/script>\n<!-- \/ Yoast SEO plugin. -->","yoast_head_json":{"title":"The 2021 Innovating Justice Forum: Making people-centered justice work - HiiL","description":"HiiL welcomed hundreds of justice practitioners and thought-leaders from around the world for the 2021 Innovating Justice Forum. The three-day virtual conference featured innovators, lawyers, judges, investors, ministers, and academics to discuss developing and financing people-centred justice.","robots":{"index":"index","follow":"follow","max-snippet":"max-snippet:-1","max-image-preview":"max-image-preview:large","max-video-preview":"max-video-preview:-1"},"canonical":"https:\/\/www.hiil.org\/fr\/news\/making-people-centered-justice-work\/","og_locale":"fr_FR","og_type":"article","og_title":"The 2021 Innovating Justice Forum: Making people-centered justice work - HiiL","og_description":"HiiL welcomed hundreds of justice practitioners and thought-leaders from around the world for the 2021 Innovating Justice Forum. The three-day virtual conference featured innovators, lawyers, judges, investors, ministers, and academics to discuss developing and financing people-centred justice.","og_url":"https:\/\/www.hiil.org\/fr\/news\/making-people-centered-justice-work\/","og_site_name":"HiiL","article_publisher":"https:\/\/www.facebook.com\/UserFriendlyJustice\/","article_published_time":"2021-02-17T14:53:27+00:00","article_modified_time":"2021-02-17T14:55:04+00:00","og_image":[{"width":1200,"height":675,"url":"https:\/\/www.hiil.org\/wp-content\/uploads\/2021\/02\/Optimized-IJF-background-FB-try-59-1.jpg","type":"image\/jpeg"}],"author":"gabby","twitter_card":"summary_large_image","twitter_creator":"@InnoJustice","twitter_site":"@InnoJustice","twitter_misc":{"\u00c9crit par":"gabby","Dur\u00e9e de lecture estim\u00e9e":"5 minutes"},"schema":{"@context":"https:\/\/schema.org","@graph":[{"@type":"Article","@id":"https:\/\/www.hiil.org\/fr\/news\/making-people-centered-justice-work\/#article","isPartOf":{"@id":"https:\/\/www.hiil.org\/fr\/news\/making-people-centered-justice-work\/"},"author":{"name":"gabby","@id":"https:\/\/www.hiil.org\/fr\/#\/schema\/person\/40b122151dd348e83de89525a0ba67eb"},"headline":"The 2021 Innovating Justice Forum: Making people-centered justice work","datePublished":"2021-02-17T14:53:27+00:00","dateModified":"2021-02-17T14:55:04+00:00","mainEntityOfPage":{"@id":"https:\/\/www.hiil.org\/fr\/news\/making-people-centered-justice-work\/"},"wordCount":868,"publisher":{"@id":"https:\/\/www.hiil.org\/fr\/#organization"},"image":{"@id":"https:\/\/www.hiil.org\/fr\/news\/making-people-centered-justice-work\/#primaryimage"},"thumbnailUrl":"https:\/\/www.hiil.org\/wp-content\/uploads\/2021\/02\/Optimized-IJF-background-FB-try-59-1.jpg","keywords":["Gamechangers","Innovating Justice Forum"],"articleSection":["Events","News and Articles"],"inLanguage":"fr-FR"},{"@type":"WebPage","@id":"https:\/\/www.hiil.org\/fr\/news\/making-people-centered-justice-work\/","url":"https:\/\/www.hiil.org\/fr\/news\/making-people-centered-justice-work\/","name":"The 2021 Innovating Justice Forum: Making people-centered justice work - HiiL","isPartOf":{"@id":"https:\/\/www.hiil.org\/fr\/#website"},"primaryImageOfPage":{"@id":"https:\/\/www.hiil.org\/fr\/news\/making-people-centered-justice-work\/#primaryimage"},"image":{"@id":"https:\/\/www.hiil.org\/fr\/news\/making-people-centered-justice-work\/#primaryimage"},"thumbnailUrl":"https:\/\/www.hiil.org\/wp-content\/uploads\/2021\/02\/Optimized-IJF-background-FB-try-59-1.jpg","datePublished":"2021-02-17T14:53:27+00:00","dateModified":"2021-02-17T14:55:04+00:00","description":"HiiL welcomed hundreds of justice practitioners and thought-leaders from around the world for the 2021 Innovating Justice Forum. The three-day virtual conference featured innovators, lawyers, judges, investors, ministers, and academics to discuss developing and financing people-centred justice.","breadcrumb":{"@id":"https:\/\/www.hiil.org\/fr\/news\/making-people-centered-justice-work\/#breadcrumb"},"inLanguage":"fr-FR","potentialAction":[{"@type":"ReadAction","target":["https:\/\/www.hiil.org\/fr\/news\/making-people-centered-justice-work\/"]}]},{"@type":"ImageObject","inLanguage":"fr-FR","@id":"https:\/\/www.hiil.org\/fr\/news\/making-people-centered-justice-work\/#primaryimage","url":"https:\/\/www.hiil.org\/wp-content\/uploads\/2021\/02\/Optimized-IJF-background-FB-try-59-1.jpg","contentUrl":"https:\/\/www.hiil.org\/wp-content\/uploads\/2021\/02\/Optimized-IJF-background-FB-try-59-1.jpg","width":1200,"height":675},{"@type":"BreadcrumbList","@id":"https:\/\/www.hiil.org\/fr\/news\/making-people-centered-justice-work\/#breadcrumb","itemListElement":[{"@type":"ListItem","position":1,"name":"Home","item":"https:\/\/www.hiil.org\/fr\/"},{"@type":"ListItem","position":2,"name":"The 2021 Innovating Justice Forum: Making people-centered justice work"}]},{"@type":"WebSite","@id":"https:\/\/www.hiil.org\/fr\/#website","url":"https:\/\/www.hiil.org\/fr\/","name":"HiiL","description":"Pour une justice ax\u00e9e sur les personnes","publisher":{"@id":"https:\/\/www.hiil.org\/fr\/#organization"},"potentialAction":[{"@type":"SearchAction","target":{"@type":"EntryPoint","urlTemplate":"https:\/\/www.hiil.org\/fr\/?s={search_term_string}"},"query-input":{"@type":"PropertyValueSpecification","valueRequired":true,"valueName":"search_term_string"}}],"inLanguage":"fr-FR"},{"@type":"Organization","@id":"https:\/\/www.hiil.org\/fr\/#organization","name":"HiiL","url":"https:\/\/www.hiil.org\/fr\/","logo":{"@type":"ImageObject","inLanguage":"fr-FR","@id":"https:\/\/www.hiil.org\/fr\/#\/schema\/logo\/image\/","url":"https:\/\/www.hiil.org\/wp-content\/uploads\/2018\/06\/temp_logo-e1528749988588.png","contentUrl":"https:\/\/www.hiil.org\/wp-content\/uploads\/2018\/06\/temp_logo-e1528749988588.png","width":112,"height":67,"caption":"HiiL"},"image":{"@id":"https:\/\/www.hiil.org\/fr\/#\/schema\/logo\/image\/"},"sameAs":["https:\/\/www.facebook.com\/UserFriendlyJustice\/","https:\/\/x.com\/InnoJustice","https:\/\/www.instagram.com\/userfriendlyjustice\/","https:\/\/www.linkedin.com\/company\/hiil-hague-institute-for-internationalisation-of-law\/"]},{"@type":"Person","@id":"https:\/\/www.hiil.org\/fr\/#\/schema\/person\/40b122151dd348e83de89525a0ba67eb","name":"gabby","image":{"@type":"ImageObject","inLanguage":"fr-FR","@id":"https:\/\/secure.gravatar.com\/avatar\/c34e6e215864e8ccdbf9df360cdbf599da3469e1ef78c6e1bdecca06e02346eb?s=96&d=mm&r=g","url":"https:\/\/secure.gravatar.com\/avatar\/c34e6e215864e8ccdbf9df360cdbf599da3469e1ef78c6e1bdecca06e02346eb?s=96&d=mm&r=g","contentUrl":"https:\/\/secure.gravatar.com\/avatar\/c34e6e215864e8ccdbf9df360cdbf599da3469e1ef78c6e1bdecca06e02346eb?s=96&d=mm&r=g","caption":"gabby"},"url":"https:\/\/www.hiil.org\/fr\/author\/gabby\/"}]}},"_links":{"self":[{"href":"https:\/\/www.hiil.org\/fr\/wp-json\/wp\/v2\/posts\/10292","targetHints":{"allow":["GET"]}}],"collection":[{"href":"https:\/\/www.hiil.org\/fr\/wp-json\/wp\/v2\/posts"}],"about":[{"href":"https:\/\/www.hiil.org\/fr\/wp-json\/wp\/v2\/types\/post"}],"author":[{"embeddable":true,"href":"https:\/\/www.hiil.org\/fr\/wp-json\/wp\/v2\/users\/37"}],"replies":[{"embeddable":true,"href":"https:\/\/www.hiil.org\/fr\/wp-json\/wp\/v2\/comments?post=10292"}],"version-history":[{"count":5,"href":"https:\/\/www.hiil.org\/fr\/wp-json\/wp\/v2\/posts\/10292\/revisions"}],"predecessor-version":[{"id":10298,"href":"https:\/\/www.hiil.org\/fr\/wp-json\/wp\/v2\/posts\/10292\/revisions\/10298"}],"wp:featuredmedia":[{"embeddable":true,"href":"https:\/\/www.hiil.org\/fr\/wp-json\/wp\/v2\/media\/10246"}],"wp:attachment":[{"href":"https:\/\/www.hiil.org\/fr\/wp-json\/wp\/v2\/media?parent=10292"}],"wp:term":[{"taxonomy":"category","embeddable":true,"href":"https:\/\/www.hiil.org\/fr\/wp-json\/wp\/v2\/categories?post=10292"},{"taxonomy":"post_tag","embeddable":true,"href":"https:\/\/www.hiil.org\/fr\/wp-json\/wp\/v2\/tags?post=10292"}],"curies":[{"name":"wp","href":"https:\/\/api.w.org\/{rel}","templated":true}]}}